{"id":22007,"date":"2022-07-19T10:04:06","date_gmt":"2022-07-19T13:04:06","guid":{"rendered":"https:\/\/www.esportesbrasilia.com.br\/noticias\/?p=22007"},"modified":"2022-07-19T10:04:07","modified_gmt":"2022-07-19T13:04:07","slug":"cbf-confirma-datas-da-segunda-fase-da-serie-d","status":"publish","type":"post","link":"https:\/\/www.esportesbrasilia.com.br\/noticias\/futebol\/cbf-confirma-datas-da-segunda-fase-da-serie-d.html","title":{"rendered":"CBF confirma datas da segunda fase da S\u00e9rie D"},"content":{"rendered":"\n<p>A Confedera\u00e7\u00e3o Brasileira de Futebol divulgou, nesta segunda-feira (18), as datas e os hor\u00e1rios dos jogos da segunda fase da S\u00e9rie D do Campeonato Brasileiro.<\/p>\n\n\n\n<p>O Brasiliense est\u00e1 alocado na chave B09, ao lado do Nova Ven\u00e9cia\/ES, que ficou na quarta coloca\u00e7\u00e3o da chave A06.<\/p>\n\n\n\n<p>O jogo de ida ser\u00e1 neste domingo (24), \u00e0s 15h, no est\u00e1dio Zenor Rocha, em Nova Ven\u00e9cia\/ES. O jogo da volta acontece no dia 31 de julho, \u00e0s 15h30, no est\u00e1dio Abadi\u00e3o, em Ceil\u00e2ndia.<\/p>\n\n\n\n<p>No entanto, existe a possibilidade de que a partida venha a ser realizada no est\u00e1dio Serej\u00e3o, em Taguatinga. Caso os laudos de seguran\u00e7a e vistoria do est\u00e1dio estejam aprovados a tempo, a partida muda de sede e volta para a casa do Jacar\u00e9.<\/p>\n","protected":false},"excerpt":{"rendered":"<p>A Confedera\u00e7\u00e3o Brasileira de Futebol divulgou, nesta segunda-feira (18), as datas e os hor\u00e1rios dos jogos da segunda fase da S\u00e9rie D do Campeonato Brasileiro. O Brasiliense est\u00e1 alocado na chave B09, ao lado do Nova Ven\u00e9cia\/ES, que ficou na quarta coloca\u00e7\u00e3o da chave A06. O jogo de ida ser\u00e1 neste domingo (24), \u00e0s 15h, [&hellip;]<\/p>\n","protected":false},"author":2,"featured_media":14304,"comment_status":"closed","ping_status":"closed","sticky":false,"template":"","format":"standard","meta":{"footnotes":""},"categories":[8],"tags":[],"class_list":["post-22007","post","type-post","status-publish","format-standard","has-post-thumbnail","hentry","category-futebol"],"_links":{"self":[{"href":"https:\/\/www.esportesbrasilia.com.br\/noticias\/wp-json\/wp\/v2\/posts\/22007","targetHints":{"allow":["GET"]}}],"collection":[{"href":"https:\/\/www.esportesbrasilia.com.br\/noticias\/wp-json\/wp\/v2\/posts"}],"about":[{"href":"https:\/\/www.esportesbrasilia.com.br\/noticias\/wp-json\/wp\/v2\/types\/post"}],"author":[{"embeddable":true,"href":"https:\/\/www.esportesbrasilia.com.br\/noticias\/wp-json\/wp\/v2\/users\/2"}],"replies":[{"embeddable":true,"href":"https:\/\/www.esportesbrasilia.com.br\/noticias\/wp-json\/wp\/v2\/comments?post=22007"}],"version-history":[{"count":1,"href":"https:\/\/www.esportesbrasilia.com.br\/noticias\/wp-json\/wp\/v2\/posts\/22007\/revisions"}],"predecessor-version":[{"id":22008,"href":"https:\/\/www.esportesbrasilia.com.br\/noticias\/wp-json\/wp\/v2\/posts\/22007\/revisions\/22008"}],"wp:featuredmedia":[{"embeddable":true,"href":"https:\/\/www.esportesbrasilia.com.br\/noticias\/wp-json\/wp\/v2\/media\/14304"}],"wp:attachment":[{"href":"https:\/\/www.esportesbrasilia.com.br\/noticias\/wp-json\/wp\/v2\/media?parent=22007"}],"wp:term":[{"taxonomy":"category","embeddable":true,"href":"https:\/\/www.esportesbrasilia.com.br\/noticias\/wp-json\/wp\/v2\/categories?post=22007"},{"taxonomy":"post_tag","embeddable":true,"href":"https:\/\/www.esportesbrasilia.com.br\/noticias\/wp-json\/wp\/v2\/tags?post=22007"}],"curies":[{"name":"wp","href":"https:\/\/api.w.org\/{rel}","templated":true}]}}