{"id":21972,"date":"2022-07-14T22:30:14","date_gmt":"2022-07-15T01:30:14","guid":{"rendered":"https:\/\/www.esportesbrasilia.com.br\/noticias\/?p=21972"},"modified":"2022-07-14T22:37:00","modified_gmt":"2022-07-15T01:37:00","slug":"destaque-do-candangao-2022-deixa-gato-preto-rumo-a-europa","status":"publish","type":"post","link":"https:\/\/www.esportesbrasilia.com.br\/noticias\/futebol\/destaque-do-candangao-2022-deixa-gato-preto-rumo-a-europa.html","title":{"rendered":"Destaque do Candang\u00e3o 2022 deixa Gato Preto rumo \u00e0 Europa"},"content":{"rendered":"\n<p>Matheus Falero n\u00e3o veste mais a camisa do Ceil\u00e2ndia. A informa\u00e7\u00e3o foi divulgada pela assessoria de imprensa do Gato Preto no fim da noite desta quinta-feira (14).<\/p>\n\n\n\n<p>O jogador vestir\u00e1 a camisa de um time da Europa, ainda n\u00e3o confirmado, e rescindiu o contrato nesta quinta-feira.<\/p>\n\n\n\n<p>Vindo do Una\u00ed\/MG por empr\u00e9stimo da Patrocinense\/MG para a disputa do Candang\u00e3o 2022, onde foi eleito o destaque da competi\u00e7\u00e3o, Matheus atuou com a camisa do Ceil\u00e2ndia por 25 partidas e anotou quatro gols.<\/p>\n\n\n\n<p>O Ceil\u00e2ndia vai a campo neste domingo (17), \u00e0s 16h, diante do Costa Rica, em Costa Rica\/MS, na \u00faltima rodada da primeira fase do Brasileir\u00e3o S\u00e9rie D. O Gato Preto precisa vencer e torcer por uma combina\u00e7\u00e3o de resultados para garantir a vaga para a segunda fase da competi\u00e7\u00e3o.<\/p>\n","protected":false},"excerpt":{"rendered":"<p>Matheus Falero n\u00e3o veste mais a camisa do Ceil\u00e2ndia. A informa\u00e7\u00e3o foi divulgada pela assessoria de imprensa do Gato Preto no fim da noite desta quinta-feira (14). O jogador vestir\u00e1 a camisa de um time da Europa, ainda n\u00e3o confirmado, e rescindiu o contrato nesta quinta-feira. Vindo do Una\u00ed\/MG por empr\u00e9stimo da Patrocinense\/MG para a [&hellip;]<\/p>\n","protected":false},"author":2,"featured_media":21974,"comment_status":"closed","ping_status":"closed","sticky":false,"template":"","format":"standard","meta":{"footnotes":""},"categories":[8],"tags":[],"class_list":["post-21972","post","type-post","status-publish","format-standard","has-post-thumbnail","hentry","category-futebol"],"_links":{"self":[{"href":"https:\/\/www.esportesbrasilia.com.br\/noticias\/wp-json\/wp\/v2\/posts\/21972","targetHints":{"allow":["GET"]}}],"collection":[{"href":"https:\/\/www.esportesbrasilia.com.br\/noticias\/wp-json\/wp\/v2\/posts"}],"about":[{"href":"https:\/\/www.esportesbrasilia.com.br\/noticias\/wp-json\/wp\/v2\/types\/post"}],"author":[{"embeddable":true,"href":"https:\/\/www.esportesbrasilia.com.br\/noticias\/wp-json\/wp\/v2\/users\/2"}],"replies":[{"embeddable":true,"href":"https:\/\/www.esportesbrasilia.com.br\/noticias\/wp-json\/wp\/v2\/comments?post=21972"}],"version-history":[{"count":2,"href":"https:\/\/www.esportesbrasilia.com.br\/noticias\/wp-json\/wp\/v2\/posts\/21972\/revisions"}],"predecessor-version":[{"id":21976,"href":"https:\/\/www.esportesbrasilia.com.br\/noticias\/wp-json\/wp\/v2\/posts\/21972\/revisions\/21976"}],"wp:featuredmedia":[{"embeddable":true,"href":"https:\/\/www.esportesbrasilia.com.br\/noticias\/wp-json\/wp\/v2\/media\/21974"}],"wp:attachment":[{"href":"https:\/\/www.esportesbrasilia.com.br\/noticias\/wp-json\/wp\/v2\/media?parent=21972"}],"wp:term":[{"taxonomy":"category","embeddable":true,"href":"https:\/\/www.esportesbrasilia.com.br\/noticias\/wp-json\/wp\/v2\/categories?post=21972"},{"taxonomy":"post_tag","embeddable":true,"href":"https:\/\/www.esportesbrasilia.com.br\/noticias\/wp-json\/wp\/v2\/tags?post=21972"}],"curies":[{"name":"wp","href":"https:\/\/api.w.org\/{rel}","templated":true}]}}