{"id":21968,"date":"2022-07-14T10:08:38","date_gmt":"2022-07-14T13:08:38","guid":{"rendered":"https:\/\/www.esportesbrasilia.com.br\/noticias\/?p=21968"},"modified":"2022-07-14T10:08:51","modified_gmt":"2022-07-14T13:08:51","slug":"copa-america-de-basquete-sai-de-brasilia-e-sera-disputada-apenas-em-recife","status":"publish","type":"post","link":"https:\/\/www.esportesbrasilia.com.br\/noticias\/basquete\/copa-america-de-basquete-sai-de-brasilia-e-sera-disputada-apenas-em-recife.html","title":{"rendered":"Copa Am\u00e9rica de Basquete sai de Bras\u00edlia e ser\u00e1 disputada apenas em Recife"},"content":{"rendered":"\n<p><a href=\"https:\/\/www.esportesbrasilia.com.br\/noticias\/basquete\/brasilia-e-escolhida-como-sede-da-primeira-fase-da-copa-america-de-basquete.html\" data-type=\"post\" data-id=\"20827\">Anunciada no \u00faltimo m\u00eas de janeiro como sede da Copa Am\u00e9rica de Basquete<\/a>, a capital federal n\u00e3o receber\u00e1 mais a competi\u00e7\u00e3o. A mudan\u00e7a de palco foi confirmada nesta quarta-feira (13) pela Federa\u00e7\u00e3o Internacional de Basquete.<\/p>\n\n\n\n<p>As partidas ser\u00e3o disputadas integralmente no Gin\u00e1sio Gerald\u00e3o, em Recife\/PE. Segundo a entidade m\u00e1xima do basquete, quest\u00f5es de log\u00edstica tiraram o campeonato da capital federal e levaram para o estado de Pernambuco, entre os dias 02 e 11 de setembro.<\/p>\n\n\n\n<figure class=\"wp-block-image size-full\"><img loading=\"lazy\" decoding=\"async\" width=\"1000\" height=\"564\" src=\"https:\/\/www.esportesbrasilia.com.br\/noticias\/wp-content\/uploads\/GINASIO-GERALDAO.webp\" alt=\"\" class=\"wp-image-21969\" srcset=\"https:\/\/www.esportesbrasilia.com.br\/noticias\/wp-content\/uploads\/GINASIO-GERALDAO.webp 1000w, https:\/\/www.esportesbrasilia.com.br\/noticias\/wp-content\/uploads\/GINASIO-GERALDAO-300x169.webp 300w, https:\/\/www.esportesbrasilia.com.br\/noticias\/wp-content\/uploads\/GINASIO-GERALDAO-768x433.webp 768w\" sizes=\"auto, (max-width: 1000px) 100vw, 1000px\" \/><figcaption>Gin\u00e1sio Gerald\u00e3o, em Recife\/PE, ser\u00e1 sede da Copa Am\u00e9rica de Basquete &#8211; Foto: Andrea Rego Barros\/Arquivo\/PCR<\/figcaption><\/figure>\n\n\n\n<p>Os times ser\u00e3o divididos em tr\u00eas grupos. Na chave A est\u00e3o Brasil, Uruguai, Col\u00f4mbia e Canad\u00e1. J\u00e1 na chave B est\u00e3o Ilhas Virgens, Rep\u00fablica Dominicana, Argentina e Porto Rico. Na chave C est\u00e3o M\u00e9xico, Venezuela, Panam\u00e1 e Estados Unidos.<\/p>\n\n\n\n<p>Os duas melhores sele\u00e7\u00f5es de cada chave e mais os dois melhores terceiros colocados avan\u00e7am para as quartas-de-final, disputadas em mata-mata, at\u00e9 a grande final.<\/p>\n","protected":false},"excerpt":{"rendered":"<p>Anunciada no \u00faltimo m\u00eas de janeiro como sede da Copa Am\u00e9rica de Basquete, a capital federal n\u00e3o receber\u00e1 mais a competi\u00e7\u00e3o. A mudan\u00e7a de palco foi confirmada nesta quarta-feira (13) pela Federa\u00e7\u00e3o Internacional de Basquete. As partidas ser\u00e3o disputadas integralmente no Gin\u00e1sio Gerald\u00e3o, em Recife\/PE. Segundo a entidade m\u00e1xima do basquete, quest\u00f5es de log\u00edstica tiraram [&hellip;]<\/p>\n","protected":false},"author":2,"featured_media":20828,"comment_status":"closed","ping_status":"closed","sticky":false,"template":"","format":"standard","meta":{"footnotes":""},"categories":[12],"tags":[],"class_list":["post-21968","post","type-post","status-publish","format-standard","has-post-thumbnail","hentry","category-basquete"],"_links":{"self":[{"href":"https:\/\/www.esportesbrasilia.com.br\/noticias\/wp-json\/wp\/v2\/posts\/21968","targetHints":{"allow":["GET"]}}],"collection":[{"href":"https:\/\/www.esportesbrasilia.com.br\/noticias\/wp-json\/wp\/v2\/posts"}],"about":[{"href":"https:\/\/www.esportesbrasilia.com.br\/noticias\/wp-json\/wp\/v2\/types\/post"}],"author":[{"embeddable":true,"href":"https:\/\/www.esportesbrasilia.com.br\/noticias\/wp-json\/wp\/v2\/users\/2"}],"replies":[{"embeddable":true,"href":"https:\/\/www.esportesbrasilia.com.br\/noticias\/wp-json\/wp\/v2\/comments?post=21968"}],"version-history":[{"count":2,"href":"https:\/\/www.esportesbrasilia.com.br\/noticias\/wp-json\/wp\/v2\/posts\/21968\/revisions"}],"predecessor-version":[{"id":21971,"href":"https:\/\/www.esportesbrasilia.com.br\/noticias\/wp-json\/wp\/v2\/posts\/21968\/revisions\/21971"}],"wp:featuredmedia":[{"embeddable":true,"href":"https:\/\/www.esportesbrasilia.com.br\/noticias\/wp-json\/wp\/v2\/media\/20828"}],"wp:attachment":[{"href":"https:\/\/www.esportesbrasilia.com.br\/noticias\/wp-json\/wp\/v2\/media?parent=21968"}],"wp:term":[{"taxonomy":"category","embeddable":true,"href":"https:\/\/www.esportesbrasilia.com.br\/noticias\/wp-json\/wp\/v2\/categories?post=21968"},{"taxonomy":"post_tag","embeddable":true,"href":"https:\/\/www.esportesbrasilia.com.br\/noticias\/wp-json\/wp\/v2\/tags?post=21968"}],"curies":[{"name":"wp","href":"https:\/\/api.w.org\/{rel}","templated":true}]}}