{"id":21930,"date":"2022-07-06T12:34:37","date_gmt":"2022-07-06T15:34:37","guid":{"rendered":"https:\/\/www.esportesbrasilia.com.br\/noticias\/?p=21930"},"modified":"2022-07-06T12:34:38","modified_gmt":"2022-07-06T15:34:38","slug":"mane-garrincha-pode-receber-quatro-partidas-do-brasileirao-2022","status":"publish","type":"post","link":"https:\/\/www.esportesbrasilia.com.br\/noticias\/futebol\/mane-garrincha-pode-receber-quatro-partidas-do-brasileirao-2022.html","title":{"rendered":"Man\u00e9 Garrincha pode receber quatro partidas do Brasileir\u00e3o 2022"},"content":{"rendered":"\n<p><strong>Foto: Rener Lopes\/Ag\u00eancia EB<\/strong><\/p>\n\n\n\n<p>Na manh\u00e3 desta quarta-feira (06), a diretoria da Arena BRB Man\u00e9 Garrincha fez um caf\u00e9 da manh\u00e3 com jornalistas para poder falar sobre os tr\u00eas anos da nova gest\u00e3o do est\u00e1dio.<\/p>\n\n\n\n<p>O diretor da Arena, Richard Dubois, informou \u00e0 reportagem da\u00a0<strong>Esportes Bras\u00edlia<\/strong> que o est\u00e1dio foi solicitado para a realiza\u00e7\u00e3o de quatro partidas do Brasileir\u00e3o 2022. No entanto, Richard n\u00e3o confirmou quais seriam as partidas.<\/p>\n\n\n\n<p>\u201cHoje, n\u00f3s temos quatro pedidos de transfer\u00eancia de jogos para Bras\u00edlia. Estamos aguardando da CBF. Quem define \u00e9 a Federa\u00e7\u00e3o, junto com a CBF. A gente abre o espa\u00e7o, faz a articula\u00e7\u00e3o comercial, mas a decis\u00e3o t\u00e9cnica sobre o jogo \u2013 se \u00e9 poss\u00edvel, ou n\u00e3o \u2013 \u00e9 da CBF\u201d, contou Richard.<\/p>\n\n\n\n<figure class=\"wp-block-image size-large\"><img loading=\"lazy\" decoding=\"async\" width=\"1024\" height=\"576\" src=\"https:\/\/www.esportesbrasilia.com.br\/noticias\/wp-content\/uploads\/RICHARD-DUBOIS-1024x576.jpg\" alt=\"\" class=\"wp-image-21932\" srcset=\"https:\/\/www.esportesbrasilia.com.br\/noticias\/wp-content\/uploads\/RICHARD-DUBOIS-1024x576.jpg 1024w, https:\/\/www.esportesbrasilia.com.br\/noticias\/wp-content\/uploads\/RICHARD-DUBOIS-300x169.jpg 300w, https:\/\/www.esportesbrasilia.com.br\/noticias\/wp-content\/uploads\/RICHARD-DUBOIS-768x432.jpg 768w, https:\/\/www.esportesbrasilia.com.br\/noticias\/wp-content\/uploads\/RICHARD-DUBOIS.jpg 1280w\" sizes=\"auto, (max-width: 1024px) 100vw, 1024px\" \/><figcaption>Richard Dubois, presidente da Arena BRB &#8211; Foto: Rener Lopes\/Ag\u00eancia EB<\/figcaption><\/figure>\n\n\n\n<p>At\u00e9 o momento, mais de 632,7 mil pessoas j\u00e1 estiveram no local, em 63 eventos. A expectativa era maior. No entanto, a pandemia da Covid-19 fez com que as atividades fossem suspensas no est\u00e1dio. Vale lembrar que um hospital de campanha chegou a ser instalado no interior da Arena para poder tratar pacientes acometidos pelo Coronav\u00edrus.<\/p>\n\n\n\n<p>Depois da queda nos n\u00fameros da Covid-19, o espa\u00e7o voltou a funcionar e ter mais investimentos. O presidente da Arena BRB, Richard Dubois, informou que o espa\u00e7o ficar\u00e1 dividido em tr\u00eas partes: o est\u00e1dio, um novo complexo esportivo que est\u00e1 sendo constru\u00eddo e um boulevard, composto por shopping e pra\u00e7a de alimenta\u00e7\u00e3o.<\/p>\n\n\n\n<p>Ser\u00e3o implementadas quadras de t\u00eanis no espa\u00e7o e existe a possibilidade de que aconte\u00e7am cl\u00ednicas e escolas da modalidade. J\u00e1 h\u00e1 conversas com a escola de forma\u00e7\u00e3o do tenista Rafael Nadal e o espa\u00e7o deve ser inaugurado em breve.<\/p>\n\n\n\n<p>O espa\u00e7o j\u00e1 pode ser visitado pela popula\u00e7\u00e3o, mediante ingressos que podem ser adquiridos no site ingresse.com. Existem duas modalidades: a visita aberta, que \u00e9 gratuita, e o tour, que tem ingressos entre R$ 15 e R$ 30.<\/p>\n\n\n\n<p>Tamb\u00e9m foi anunciada a instala\u00e7\u00e3o da maior tirolesa do pa\u00eds, que leva de uma parte superior, at\u00e9 o gramado do est\u00e1dio.<\/p>\n","protected":false},"excerpt":{"rendered":"<p>Foto: Rener Lopes\/Ag\u00eancia EB Na manh\u00e3 desta quarta-feira (06), a diretoria da Arena BRB Man\u00e9 Garrincha fez um caf\u00e9 da manh\u00e3 com jornalistas para poder falar sobre os tr\u00eas anos da nova gest\u00e3o do est\u00e1dio. O diretor da Arena, Richard Dubois, informou \u00e0 reportagem da\u00a0Esportes Bras\u00edlia que o est\u00e1dio foi solicitado para a realiza\u00e7\u00e3o de [&hellip;]<\/p>\n","protected":false},"author":2,"featured_media":21931,"comment_status":"closed","ping_status":"closed","sticky":false,"template":"","format":"standard","meta":{"footnotes":""},"categories":[8],"tags":[],"class_list":["post-21930","post","type-post","status-publish","format-standard","has-post-thumbnail","hentry","category-futebol"],"_links":{"self":[{"href":"https:\/\/www.esportesbrasilia.com.br\/noticias\/wp-json\/wp\/v2\/posts\/21930","targetHints":{"allow":["GET"]}}],"collection":[{"href":"https:\/\/www.esportesbrasilia.com.br\/noticias\/wp-json\/wp\/v2\/posts"}],"about":[{"href":"https:\/\/www.esportesbrasilia.com.br\/noticias\/wp-json\/wp\/v2\/types\/post"}],"author":[{"embeddable":true,"href":"https:\/\/www.esportesbrasilia.com.br\/noticias\/wp-json\/wp\/v2\/users\/2"}],"replies":[{"embeddable":true,"href":"https:\/\/www.esportesbrasilia.com.br\/noticias\/wp-json\/wp\/v2\/comments?post=21930"}],"version-history":[{"count":1,"href":"https:\/\/www.esportesbrasilia.com.br\/noticias\/wp-json\/wp\/v2\/posts\/21930\/revisions"}],"predecessor-version":[{"id":21933,"href":"https:\/\/www.esportesbrasilia.com.br\/noticias\/wp-json\/wp\/v2\/posts\/21930\/revisions\/21933"}],"wp:featuredmedia":[{"embeddable":true,"href":"https:\/\/www.esportesbrasilia.com.br\/noticias\/wp-json\/wp\/v2\/media\/21931"}],"wp:attachment":[{"href":"https:\/\/www.esportesbrasilia.com.br\/noticias\/wp-json\/wp\/v2\/media?parent=21930"}],"wp:term":[{"taxonomy":"category","embeddable":true,"href":"https:\/\/www.esportesbrasilia.com.br\/noticias\/wp-json\/wp\/v2\/categories?post=21930"},{"taxonomy":"post_tag","embeddable":true,"href":"https:\/\/www.esportesbrasilia.com.br\/noticias\/wp-json\/wp\/v2\/tags?post=21930"}],"curies":[{"name":"wp","href":"https:\/\/api.w.org\/{rel}","templated":true}]}}