{"id":21898,"date":"2022-06-27T11:37:00","date_gmt":"2022-06-27T14:37:00","guid":{"rendered":"https:\/\/www.esportesbrasilia.com.br\/noticias\/?p=21898"},"modified":"2022-06-25T20:38:19","modified_gmt":"2022-06-25T23:38:19","slug":"invasao-europeia","status":"publish","type":"post","link":"https:\/\/www.esportesbrasilia.com.br\/noticias\/colunas\/notatico\/invasao-europeia.html","title":{"rendered":"Invas\u00e3o Europeia"},"content":{"rendered":"\n<p>Paulo Martins<\/p>\n\n\n\n<p>N\u00e3o, isto n\u00e3o \u00e9 um livro sobre as grandes navega\u00e7\u00f5es, embora pare\u00e7a. O fen\u00f4meno da Invas\u00e3o Europeia de t\u00e9cnicos \u00e9 um cap\u00edtulo rec\u00e9m-iniciado no futebol brasileiro. Basta ver a dificuldade em que Liverpool e Chelsea bateram Flamengo e Palmeiras, com t\u00e9cnicos portugueses. N\u00f3s, em geral, ainda n\u00e3o assimilamos essa nova realidade.<\/p>\n\n\n\n<p>Outro dia, na parada de \u00f4nibus, dois senhores falavam de futebol. Fofoqueiro, como qualquer jornalista, ouvi a seguinte p\u00e9rola: &#8220;O Botafogo t\u00e1 atr\u00e1s do tal do Saravia, pro ataque&#8221;. Algu\u00e9m tem que dizer a este cavalheiro que Renzo Saravia j\u00e1 joga no alvinegro carioca, que quer contratar Zahavi, o israelita do PSV holand\u00eas. E isso responde muito sobre o p\u00fablico que tem no futebol brasileiro. As gest\u00f5es que fazem dos clubes m\u00e1quinas de s\u00f3cio-torcedor, milh\u00f5es de qualquer unidade monet\u00e1ria e ingressos s\u00e3o outra quest\u00e3o.<\/p>\n\n\n\n<p>E nesse ritmo, viramos col\u00f4nia outra vez: de Colombo a Abel Ferreira, de Cabral a Jorge Jesus, de Hern\u00e1n Cortez a Miguel \u00c1ngel Ram\u00edrez. Claro que futebol n\u00e3o \u00e9 e nunca ser\u00e1 ci\u00eancia exata e exemplos falham e falhar\u00e3o: Paulo Souza, o pr\u00f3prio Ram\u00edrez, Jesualdo Ferreira, Domenec Torrent. O grande n\u00famero de portugueses \u00e9 um acontecimento t\u00e3o particular, que em 2022 temos o primeiro t\u00e9cnico portugu\u00eas da hist\u00f3ria do futebol argentino! O Talleres de Pedro Caixinha est\u00e1 nas oitavas da Libertadores e pode cruzar o River Plate nas quartas se passar do Col\u00f3n. Seria um interessante confronto, principalmente em como o t\u00e9cnico millonario deixou ir (emprestado) o novo Higua\u00edn, chamado Federico Girotti. Tor\u00e7o pela lei do ex no Mario Kempes, em C\u00f3rdoba, e no Monumental.<\/p>\n\n\n\n<p>Como as col\u00f4nias exportam produtos, a Am\u00e9rica do Sul exporta sempre bons nomes, com uma atual safra satisfat\u00f3ria de brasileiros, argentinos, uruguaios e colombianos. Na mesma moeda, t\u00e9cnico por t\u00e9cnico, s\u00f3 a Argentina, no entanto, exporta nomes. S\u00f3 nas \u00faltimas duas d\u00e9cadas sa\u00edram para o Velho Continente nomes como Gerardo &#8220;Tata&#8221; Martino, Diego &#8220;El Cholo&#8221; Simeone, Jos\u00e9 Pekerman, Jorge Sampaoli, Marcelo &#8220;El Loco&#8221; Bielsa, Mauricio Pocchetino, Manuel Pellegrini. Sem falar em Marcelo &#8220;El Mu\u00f1eco&#8221; Gallardo, que empilha ta\u00e7as no River e \u00e9 citado, semestralmente, em clubes como Barcelona, Tottenham e PSG.<\/p>\n\n\n\n<p>Os argentinos, sim, sabem, amam, estudam e apreciam o futebol muito mais que os brasileiros. Ou voc\u00ea imagina o Fernando Diniz dirigindo o Manchester United? Hoje s\u00e3o prospectos argentinos alguns que n\u00f3s vimos jogar (muita) bola: Mart\u00edn Palermo (no Aldosivi de Mar del Plata), Fernando Gago (no Racing) e Carlos T\u00e9vez (no Rosario Central).<\/p>\n\n\n\n<p>O brasileiro curte tanto e pensa pouco em futebol que n\u00e3o tem um camisa 10 (de fun\u00e7\u00e3o) que arme o jogo e seja unanimidade. E ainda assim queremos o hexa, achando que de forma isolada o nosso futebol cresce, limitando a quantia de estrangeiros por clube. Se a moda pegasse na Europa, os clubes brasileiros n\u00e3o passariam nunca da fase de grupos da Libertadores. Mas, por &#8220;sorte&#8221;, j\u00e1 chegou o moneyball \u00e0s gramas retangulares do &#8220;pa\u00eds do futebol&#8221;.<\/p>\n","protected":false},"excerpt":{"rendered":"<p>Paulo Martins N\u00e3o, isto n\u00e3o \u00e9 um livro sobre as grandes navega\u00e7\u00f5es, embora pare\u00e7a. O fen\u00f4meno da Invas\u00e3o Europeia de t\u00e9cnicos \u00e9 um cap\u00edtulo rec\u00e9m-iniciado no futebol brasileiro. Basta ver a dificuldade em que Liverpool e Chelsea bateram Flamengo e Palmeiras, com t\u00e9cnicos portugueses. N\u00f3s, em geral, ainda n\u00e3o assimilamos essa nova realidade. Outro dia, [&hellip;]<\/p>\n","protected":false},"author":1,"featured_media":21716,"comment_status":"closed","ping_status":"closed","sticky":false,"template":"","format":"standard","meta":{"footnotes":""},"categories":[1029],"tags":[],"class_list":["post-21898","post","type-post","status-publish","format-standard","has-post-thumbnail","hentry","category-notatico"],"_links":{"self":[{"href":"https:\/\/www.esportesbrasilia.com.br\/noticias\/wp-json\/wp\/v2\/posts\/21898","targetHints":{"allow":["GET"]}}],"collection":[{"href":"https:\/\/www.esportesbrasilia.com.br\/noticias\/wp-json\/wp\/v2\/posts"}],"about":[{"href":"https:\/\/www.esportesbrasilia.com.br\/noticias\/wp-json\/wp\/v2\/types\/post"}],"author":[{"embeddable":true,"href":"https:\/\/www.esportesbrasilia.com.br\/noticias\/wp-json\/wp\/v2\/users\/1"}],"replies":[{"embeddable":true,"href":"https:\/\/www.esportesbrasilia.com.br\/noticias\/wp-json\/wp\/v2\/comments?post=21898"}],"version-history":[{"count":1,"href":"https:\/\/www.esportesbrasilia.com.br\/noticias\/wp-json\/wp\/v2\/posts\/21898\/revisions"}],"predecessor-version":[{"id":21899,"href":"https:\/\/www.esportesbrasilia.com.br\/noticias\/wp-json\/wp\/v2\/posts\/21898\/revisions\/21899"}],"wp:featuredmedia":[{"embeddable":true,"href":"https:\/\/www.esportesbrasilia.com.br\/noticias\/wp-json\/wp\/v2\/media\/21716"}],"wp:attachment":[{"href":"https:\/\/www.esportesbrasilia.com.br\/noticias\/wp-json\/wp\/v2\/media?parent=21898"}],"wp:term":[{"taxonomy":"category","embeddable":true,"href":"https:\/\/www.esportesbrasilia.com.br\/noticias\/wp-json\/wp\/v2\/categories?post=21898"},{"taxonomy":"post_tag","embeddable":true,"href":"https:\/\/www.esportesbrasilia.com.br\/noticias\/wp-json\/wp\/v2\/tags?post=21898"}],"curies":[{"name":"wp","href":"https:\/\/api.w.org\/{rel}","templated":true}]}}