{"id":21881,"date":"2022-06-23T20:46:07","date_gmt":"2022-06-23T23:46:07","guid":{"rendered":"https:\/\/www.esportesbrasilia.com.br\/noticias\/?p=21881"},"modified":"2022-06-25T20:39:05","modified_gmt":"2022-06-25T23:39:05","slug":"conmebol-confirma-mudanca-na-sede-da-final-da-sul-americana-e-brasilia-fica-de-fora","status":"publish","type":"post","link":"https:\/\/www.esportesbrasilia.com.br\/noticias\/futebol\/conmebol-confirma-mudanca-na-sede-da-final-da-sul-americana-e-brasilia-fica-de-fora.html","title":{"rendered":"Conmebol confirma mudan\u00e7a na sede da final da Sul-Americana e Bras\u00edlia fica de fora"},"content":{"rendered":"\n<p>Ap\u00f3s <a href=\"https:\/\/www.esportesbrasilia.com.br\/noticias\/futebol\/associacao-de-futebol-da-argentina-pede-que-final-da-sul-americana-2022-nao-seja-em-brasilia.html\" data-type=\"post\" data-id=\"21875\">pedido formal da Associa\u00e7\u00e3o de Futebol da Argentina<\/a> e, corroborando com um pedido feito pela Confedera\u00e7\u00e3o Brasileira de Futebol, a Conmebol tirou do Distrito Federal a grande final da Copa Sul-Americana 2022.<\/p>\n\n\n\n<p>A partida ser\u00e1 disputada em C\u00f3rdoba\/ARG, no est\u00e1dio M\u00e1rio Kempes, no dia 1\u00ba de outubro.<\/p>\n\n\n\n<p>Segundo nota divulgada pela Conmebol, o pedido da CBF foi fundamentado por conta das elei\u00e7\u00f5es gerais no Brasil, a serem realizadas no dia 2 de outubro.<\/p>\n\n\n\n<p>A entidade m\u00e1xima do futebol sul-americano n\u00e3o disse na nota se, em 2023, como especulado por alguns sites esportivos, a partida viria para a capital federal.<\/p>\n","protected":false},"excerpt":{"rendered":"<p>Ap\u00f3s pedido formal da Associa\u00e7\u00e3o de Futebol da Argentina e, corroborando com um pedido feito pela Confedera\u00e7\u00e3o Brasileira de Futebol, a Conmebol tirou do Distrito Federal a grande final da Copa Sul-Americana 2022. A partida ser\u00e1 disputada em C\u00f3rdoba\/ARG, no est\u00e1dio M\u00e1rio Kempes, no dia 1\u00ba de outubro. Segundo nota divulgada pela Conmebol, o pedido [&hellip;]<\/p>\n","protected":false},"author":2,"featured_media":21882,"comment_status":"closed","ping_status":"closed","sticky":false,"template":"","format":"standard","meta":{"footnotes":""},"categories":[8],"tags":[1046],"class_list":["post-21881","post","type-post","status-publish","format-standard","has-post-thumbnail","hentry","category-futebol","tag-conmebol-sul-americana"],"_links":{"self":[{"href":"https:\/\/www.esportesbrasilia.com.br\/noticias\/wp-json\/wp\/v2\/posts\/21881","targetHints":{"allow":["GET"]}}],"collection":[{"href":"https:\/\/www.esportesbrasilia.com.br\/noticias\/wp-json\/wp\/v2\/posts"}],"about":[{"href":"https:\/\/www.esportesbrasilia.com.br\/noticias\/wp-json\/wp\/v2\/types\/post"}],"author":[{"embeddable":true,"href":"https:\/\/www.esportesbrasilia.com.br\/noticias\/wp-json\/wp\/v2\/users\/2"}],"replies":[{"embeddable":true,"href":"https:\/\/www.esportesbrasilia.com.br\/noticias\/wp-json\/wp\/v2\/comments?post=21881"}],"version-history":[{"count":1,"href":"https:\/\/www.esportesbrasilia.com.br\/noticias\/wp-json\/wp\/v2\/posts\/21881\/revisions"}],"predecessor-version":[{"id":21883,"href":"https:\/\/www.esportesbrasilia.com.br\/noticias\/wp-json\/wp\/v2\/posts\/21881\/revisions\/21883"}],"wp:featuredmedia":[{"embeddable":true,"href":"https:\/\/www.esportesbrasilia.com.br\/noticias\/wp-json\/wp\/v2\/media\/21882"}],"wp:attachment":[{"href":"https:\/\/www.esportesbrasilia.com.br\/noticias\/wp-json\/wp\/v2\/media?parent=21881"}],"wp:term":[{"taxonomy":"category","embeddable":true,"href":"https:\/\/www.esportesbrasilia.com.br\/noticias\/wp-json\/wp\/v2\/categories?post=21881"},{"taxonomy":"post_tag","embeddable":true,"href":"https:\/\/www.esportesbrasilia.com.br\/noticias\/wp-json\/wp\/v2\/tags?post=21881"}],"curies":[{"name":"wp","href":"https:\/\/api.w.org\/{rel}","templated":true}]}}