{"id":21875,"date":"2022-06-23T14:48:27","date_gmt":"2022-06-23T17:48:27","guid":{"rendered":"https:\/\/www.esportesbrasilia.com.br\/noticias\/?p=21875"},"modified":"2022-06-23T14:51:02","modified_gmt":"2022-06-23T17:51:02","slug":"associacao-de-futebol-da-argentina-pede-que-final-da-sul-americana-2022-nao-seja-em-brasilia","status":"publish","type":"post","link":"https:\/\/www.esportesbrasilia.com.br\/noticias\/futebol\/associacao-de-futebol-da-argentina-pede-que-final-da-sul-americana-2022-nao-seja-em-brasilia.html","title":{"rendered":"Associa\u00e7\u00e3o de Futebol da Argentina pede que final da Sul-Americana 2022 n\u00e3o seja em Bras\u00edlia"},"content":{"rendered":"\n<p>A Associa\u00e7\u00e3o de Futebol da Argentina solicitou formalmente \u00e0 Conmebol, nesta quinta-feira (23), que a final da Copa Sul-Americana de 2022 seja no Est\u00e1dio Mario Alberto Kempes, em C\u00f3rdoba\/ARG.<\/p>\n\n\n\n<p>A informa\u00e7\u00e3o foi divulgada pelo jornalista Hernan Castillo, da TNT Sports Argentina. O argumento utilizado pelos hermanos \u00e9 que na data marcada, 02 de outubro, acontecer\u00e3o as elei\u00e7\u00f5es no Brasil.<\/p>\n\n\n\n<p>Com isso, o confronto, marcado para o est\u00e1dio Nacional Man\u00e9 Garrincha, n\u00e3o poderia ser disputado, uma vez que todo o pa\u00eds estaria envolvido nas vota\u00e7\u00f5es.<\/p>\n\n\n\n<p>A decis\u00e3o sair\u00e1 ap\u00f3s o conselho da Conmebol se reunir, no pr\u00f3ximo dia 7 de julho, em Cali, na Col\u00f4mbia<\/p>\n","protected":false},"excerpt":{"rendered":"<p>A Associa\u00e7\u00e3o de Futebol da Argentina solicitou formalmente \u00e0 Conmebol, nesta quinta-feira (23), que a final da Copa Sul-Americana de 2022 seja no Est\u00e1dio Mario Alberto Kempes, em C\u00f3rdoba\/ARG. A informa\u00e7\u00e3o foi divulgada pelo jornalista Hernan Castillo, da TNT Sports Argentina. O argumento utilizado pelos hermanos \u00e9 que na data marcada, 02 de outubro, acontecer\u00e3o [&hellip;]<\/p>\n","protected":false},"author":2,"featured_media":21664,"comment_status":"closed","ping_status":"closed","sticky":false,"template":"","format":"standard","meta":{"footnotes":""},"categories":[8],"tags":[],"class_list":["post-21875","post","type-post","status-publish","format-standard","has-post-thumbnail","hentry","category-futebol"],"_links":{"self":[{"href":"https:\/\/www.esportesbrasilia.com.br\/noticias\/wp-json\/wp\/v2\/posts\/21875","targetHints":{"allow":["GET"]}}],"collection":[{"href":"https:\/\/www.esportesbrasilia.com.br\/noticias\/wp-json\/wp\/v2\/posts"}],"about":[{"href":"https:\/\/www.esportesbrasilia.com.br\/noticias\/wp-json\/wp\/v2\/types\/post"}],"author":[{"embeddable":true,"href":"https:\/\/www.esportesbrasilia.com.br\/noticias\/wp-json\/wp\/v2\/users\/2"}],"replies":[{"embeddable":true,"href":"https:\/\/www.esportesbrasilia.com.br\/noticias\/wp-json\/wp\/v2\/comments?post=21875"}],"version-history":[{"count":2,"href":"https:\/\/www.esportesbrasilia.com.br\/noticias\/wp-json\/wp\/v2\/posts\/21875\/revisions"}],"predecessor-version":[{"id":21877,"href":"https:\/\/www.esportesbrasilia.com.br\/noticias\/wp-json\/wp\/v2\/posts\/21875\/revisions\/21877"}],"wp:featuredmedia":[{"embeddable":true,"href":"https:\/\/www.esportesbrasilia.com.br\/noticias\/wp-json\/wp\/v2\/media\/21664"}],"wp:attachment":[{"href":"https:\/\/www.esportesbrasilia.com.br\/noticias\/wp-json\/wp\/v2\/media?parent=21875"}],"wp:term":[{"taxonomy":"category","embeddable":true,"href":"https:\/\/www.esportesbrasilia.com.br\/noticias\/wp-json\/wp\/v2\/categories?post=21875"},{"taxonomy":"post_tag","embeddable":true,"href":"https:\/\/www.esportesbrasilia.com.br\/noticias\/wp-json\/wp\/v2\/tags?post=21875"}],"curies":[{"name":"wp","href":"https:\/\/api.w.org\/{rel}","templated":true}]}}