{"id":21871,"date":"2022-06-22T15:57:36","date_gmt":"2022-06-22T18:57:36","guid":{"rendered":"https:\/\/www.esportesbrasilia.com.br\/noticias\/?p=21871"},"modified":"2022-06-22T15:58:32","modified_gmt":"2022-06-22T18:58:32","slug":"atletico-go-confirma-que-jogo-da-sul-americana-nao-sera-disputado-em-brasilia","status":"publish","type":"post","link":"https:\/\/www.esportesbrasilia.com.br\/noticias\/futebol\/atletico-go-confirma-que-jogo-da-sul-americana-nao-sera-disputado-em-brasilia.html","title":{"rendered":"Atl\u00e9tico\/GO confirma que jogo da Sul-Americana n\u00e3o ser\u00e1 disputado em Bras\u00edlia"},"content":{"rendered":"\n<p>O Atl\u00e9tico Goianiense n\u00e3o trar\u00e1 mais o jogo entre o drag\u00e3o goiano e o Ol\u00edmpia\/PAR para a capital federal. A informa\u00e7\u00e3o foi dada pelo presidente do clube, Adson Batista, em entrevista \u00e0 <em>R\u00e1dio Sagres AM<\/em> de Goi\u00e2nia\/GO.<\/p>\n\n\n\n<p>O jogo acontecer\u00e1 no est\u00e1dio Serra Dourada, em Goi\u00e2nia\/GO. Mesmo com problemas no est\u00e1dio, o dirigente garantiu que a bola vai rolar no principal palco da capital goiana.<\/p>\n\n\n\n<p>&#8220;N\u00f3s vamos ter multas, mas s\u00e3o multas revers\u00edveis. N\u00e3o adianta ficar s\u00f3 transferindo responsabilidades. Vamos ter de certo de pagar 49 mil d\u00f3lares por conta da ilumina\u00e7\u00e3o, mas de resto, estamos com a nossa equipe realizar os acertos necess\u00e1rios para ter um jogo de alto n\u00edvel&#8221;, explicou o dirigente.<\/p>\n\n\n\n<p>O dirigente tamb\u00e9m pediu aos coordenadores da Conmebol o chamado bom senso na aplica\u00e7\u00e3o das penalidades. &#8220;O problema \u00e9 s\u00f3 a ilumina\u00e7\u00e3o. Mas na Conmebol n\u00e3o tem conversa. N\u00e3o atendeu [o que eles pedem], pode ter certeza que j\u00e1 aplicam a multa e n\u00e3o tem conversa. N\u00e3o tem o &#8216;jeitinho'&#8221;, garantiu Batista.<\/p>\n\n\n\n<p>Com isso, o confronto entre Atl\u00e9tico\/GO e Ol\u00edmpia\/PAR est\u00e1 confirmado para o dia 7 de julho, \u00e0s 21h30, no est\u00e1dio Serra Dourada, em Goi\u00e2nia\/GO.<\/p>\n","protected":false},"excerpt":{"rendered":"<p>O Atl\u00e9tico Goianiense n\u00e3o trar\u00e1 mais o jogo entre o drag\u00e3o goiano e o Ol\u00edmpia\/PAR para a capital federal. A informa\u00e7\u00e3o foi dada pelo presidente do clube, Adson Batista, em entrevista \u00e0 R\u00e1dio Sagres AM de Goi\u00e2nia\/GO. O jogo acontecer\u00e1 no est\u00e1dio Serra Dourada, em Goi\u00e2nia\/GO. Mesmo com problemas no est\u00e1dio, o dirigente garantiu que [&hellip;]<\/p>\n","protected":false},"author":2,"featured_media":21872,"comment_status":"closed","ping_status":"closed","sticky":false,"template":"","format":"standard","meta":{"footnotes":""},"categories":[8],"tags":[],"class_list":["post-21871","post","type-post","status-publish","format-standard","has-post-thumbnail","hentry","category-futebol"],"_links":{"self":[{"href":"https:\/\/www.esportesbrasilia.com.br\/noticias\/wp-json\/wp\/v2\/posts\/21871","targetHints":{"allow":["GET"]}}],"collection":[{"href":"https:\/\/www.esportesbrasilia.com.br\/noticias\/wp-json\/wp\/v2\/posts"}],"about":[{"href":"https:\/\/www.esportesbrasilia.com.br\/noticias\/wp-json\/wp\/v2\/types\/post"}],"author":[{"embeddable":true,"href":"https:\/\/www.esportesbrasilia.com.br\/noticias\/wp-json\/wp\/v2\/users\/2"}],"replies":[{"embeddable":true,"href":"https:\/\/www.esportesbrasilia.com.br\/noticias\/wp-json\/wp\/v2\/comments?post=21871"}],"version-history":[{"count":2,"href":"https:\/\/www.esportesbrasilia.com.br\/noticias\/wp-json\/wp\/v2\/posts\/21871\/revisions"}],"predecessor-version":[{"id":21874,"href":"https:\/\/www.esportesbrasilia.com.br\/noticias\/wp-json\/wp\/v2\/posts\/21871\/revisions\/21874"}],"wp:featuredmedia":[{"embeddable":true,"href":"https:\/\/www.esportesbrasilia.com.br\/noticias\/wp-json\/wp\/v2\/media\/21872"}],"wp:attachment":[{"href":"https:\/\/www.esportesbrasilia.com.br\/noticias\/wp-json\/wp\/v2\/media?parent=21871"}],"wp:term":[{"taxonomy":"category","embeddable":true,"href":"https:\/\/www.esportesbrasilia.com.br\/noticias\/wp-json\/wp\/v2\/categories?post=21871"},{"taxonomy":"post_tag","embeddable":true,"href":"https:\/\/www.esportesbrasilia.com.br\/noticias\/wp-json\/wp\/v2\/tags?post=21871"}],"curies":[{"name":"wp","href":"https:\/\/api.w.org\/{rel}","templated":true}]}}