{"id":2187,"date":"2016-06-20T20:11:53","date_gmt":"2016-06-20T23:11:53","guid":{"rendered":"http:\/\/www.esportesbrasilia.com.br\/noticias\/?p=2187"},"modified":"2016-06-20T20:15:56","modified_gmt":"2016-06-20T23:15:56","slug":"gols-flamengo-2x2-sao-paulo","status":"publish","type":"post","link":"https:\/\/www.esportesbrasilia.com.br\/noticias\/ebplay\/gols-flamengo-2x2-sao-paulo.html","title":{"rendered":"Gols &#8211; Flamengo 2&#215;2 S\u00e3o Paulo"},"content":{"rendered":"<p>Confira os gols de Flamengo 2&#215;2 S\u00e3o Paulo, pelo Campeonato Brasileiro.<br \/>\nNarra\u00e7\u00e3o: Matusal\u00e9m Souza<\/p>\n<p><audio class=\"wp-audio-shortcode\" id=\"audio-2187-1\" preload=\"none\" style=\"width: 100%;\" controls=\"controls\"><source type=\"audio\/mpeg\" src=\"https:\/\/www.esportesbrasilia.com.br\/noticias\/wp-content\/uploads\/flamengo-0-1.mp3?_=1\" \/><a href=\"https:\/\/www.esportesbrasilia.com.br\/noticias\/wp-content\/uploads\/flamengo-0-1.mp3\">https:\/\/www.esportesbrasilia.com.br\/noticias\/wp-content\/uploads\/flamengo-0-1.mp3<\/a><\/audio><br \/>\n<strong>Gol do S\u00e3o Paulo<\/strong>\u00a0\u2013\u00a0Calleri, aos 11min\/1T<\/p>\n<p><audio class=\"wp-audio-shortcode\" id=\"audio-2187-2\" preload=\"none\" style=\"width: 100%;\" controls=\"controls\"><source type=\"audio\/mpeg\" src=\"https:\/\/www.esportesbrasilia.com.br\/noticias\/wp-content\/uploads\/flamengo-1-1.mp3?_=2\" \/><a href=\"https:\/\/www.esportesbrasilia.com.br\/noticias\/wp-content\/uploads\/flamengo-1-1.mp3\">https:\/\/www.esportesbrasilia.com.br\/noticias\/wp-content\/uploads\/flamengo-1-1.mp3<\/a><\/audio><br \/>\n<strong>Gol do Flamengo &#8211;\u00a0<\/strong>Rodrigo Caio (Contra), aos 22min\/1T<\/p>\n<p><audio class=\"wp-audio-shortcode\" id=\"audio-2187-3\" preload=\"none\" style=\"width: 100%;\" controls=\"controls\"><source type=\"audio\/mpeg\" src=\"https:\/\/www.esportesbrasilia.com.br\/noticias\/wp-content\/uploads\/flamengo-1-2.mp3?_=3\" \/><a href=\"https:\/\/www.esportesbrasilia.com.br\/noticias\/wp-content\/uploads\/flamengo-1-2.mp3\">https:\/\/www.esportesbrasilia.com.br\/noticias\/wp-content\/uploads\/flamengo-1-2.mp3<\/a><\/audio><br \/>\n<strong>Gol do S\u00e3o Paulo<\/strong> &#8211; Calleri, aos 05min\/2T<\/p>\n<p><audio class=\"wp-audio-shortcode\" id=\"audio-2187-4\" preload=\"none\" style=\"width: 100%;\" controls=\"controls\"><source type=\"audio\/mpeg\" src=\"https:\/\/www.esportesbrasilia.com.br\/noticias\/wp-content\/uploads\/flamengo-2-2.mp3?_=4\" \/><a href=\"https:\/\/www.esportesbrasilia.com.br\/noticias\/wp-content\/uploads\/flamengo-2-2.mp3\">https:\/\/www.esportesbrasilia.com.br\/noticias\/wp-content\/uploads\/flamengo-2-2.mp3<\/a><\/audio><br \/>\n<strong>Gol do Flamengo &#8211;\u00a0<\/strong>Willian Ar\u00e3o, aos 13min\/2T<\/p>\n","protected":false},"excerpt":{"rendered":"<p>Confira os gols de Flamengo 2&#215;2 S\u00e3o Paulo, pelo Campeonato Brasileiro. Narra\u00e7\u00e3o: Matusal\u00e9m Souza Gol do S\u00e3o Paulo\u00a0\u2013\u00a0Calleri, aos 11min\/1T Gol do Flamengo &#8211;\u00a0Rodrigo Caio (Contra), aos 22min\/1T Gol do S\u00e3o Paulo &#8211; Calleri, aos 05min\/2T Gol do Flamengo &#8211;\u00a0Willian Ar\u00e3o, aos 13min\/2T<\/p>\n","protected":false},"author":1,"featured_media":646,"comment_status":"open","ping_status":"closed","sticky":false,"template":"","format":"standard","meta":{"footnotes":""},"categories":[24],"tags":[],"class_list":["post-2187","post","type-post","status-publish","format-standard","has-post-thumbnail","hentry","category-ebplay"],"_links":{"self":[{"href":"https:\/\/www.esportesbrasilia.com.br\/noticias\/wp-json\/wp\/v2\/posts\/2187","targetHints":{"allow":["GET"]}}],"collection":[{"href":"https:\/\/www.esportesbrasilia.com.br\/noticias\/wp-json\/wp\/v2\/posts"}],"about":[{"href":"https:\/\/www.esportesbrasilia.com.br\/noticias\/wp-json\/wp\/v2\/types\/post"}],"author":[{"embeddable":true,"href":"https:\/\/www.esportesbrasilia.com.br\/noticias\/wp-json\/wp\/v2\/users\/1"}],"replies":[{"embeddable":true,"href":"https:\/\/www.esportesbrasilia.com.br\/noticias\/wp-json\/wp\/v2\/comments?post=2187"}],"version-history":[{"count":2,"href":"https:\/\/www.esportesbrasilia.com.br\/noticias\/wp-json\/wp\/v2\/posts\/2187\/revisions"}],"predecessor-version":[{"id":2193,"href":"https:\/\/www.esportesbrasilia.com.br\/noticias\/wp-json\/wp\/v2\/posts\/2187\/revisions\/2193"}],"wp:featuredmedia":[{"embeddable":true,"href":"https:\/\/www.esportesbrasilia.com.br\/noticias\/wp-json\/wp\/v2\/media\/646"}],"wp:attachment":[{"href":"https:\/\/www.esportesbrasilia.com.br\/noticias\/wp-json\/wp\/v2\/media?parent=2187"}],"wp:term":[{"taxonomy":"category","embeddable":true,"href":"https:\/\/www.esportesbrasilia.com.br\/noticias\/wp-json\/wp\/v2\/categories?post=2187"},{"taxonomy":"post_tag","embeddable":true,"href":"https:\/\/www.esportesbrasilia.com.br\/noticias\/wp-json\/wp\/v2\/tags?post=2187"}],"curies":[{"name":"wp","href":"https:\/\/api.w.org\/{rel}","templated":true}]}}