{"id":21865,"date":"2022-06-21T18:20:18","date_gmt":"2022-06-21T21:20:18","guid":{"rendered":"https:\/\/www.esportesbrasilia.com.br\/noticias\/?p=21865"},"modified":"2022-06-25T20:39:33","modified_gmt":"2022-06-25T23:39:33","slug":"cerrado-basquete-tem-baixas-para-a-proxima-temporada-do-nbb","status":"publish","type":"post","link":"https:\/\/www.esportesbrasilia.com.br\/noticias\/basquete\/cerrado-basquete-tem-baixas-para-a-proxima-temporada-do-nbb.html","title":{"rendered":"Cerrado Basquete tem baixas para a pr\u00f3xima temporada do NBB"},"content":{"rendered":"\n<p>O Cerrado Basquete, time que disputou, pela segunda vez, o Novo Basquete Brasil, est\u00e1 contabilizando as baixas na equipe para a pr\u00f3xima temporada.<\/p>\n\n\n\n<p>Depois de Kenny Dawkins ser anunciado como novo armador do Rio Claro\/SP, mais dois atletas n\u00e3o vestir\u00e3o a camisa do time candango na temporada 2022\/2023.<\/p>\n\n\n\n<p>O piv\u00f4 Serj\u00e3o, de 22 anos, anunciou nas redes sociais a sa\u00edda do time. O destino do atleta ainda n\u00e3o foi revelado. S\u00e9rgio teve uma m\u00e9dia de cinco pontos, cinco rebotes e uma assist\u00eancia, al\u00e9m de ser considerado um pared\u00e3o. Isso porque ele teve uma m\u00e9dia de um toco por partida, chegando a anotar tr\u00eas em uma \u00fanica partida da \u00faltima temporada.<\/p>\n\n\n\n<figure class=\"wp-block-image size-large\"><img loading=\"lazy\" decoding=\"async\" width=\"1024\" height=\"683\" src=\"https:\/\/www.esportesbrasilia.com.br\/noticias\/wp-content\/uploads\/serjao_div-1024x683.jpg\" alt=\"\" class=\"wp-image-21866\" srcset=\"https:\/\/www.esportesbrasilia.com.br\/noticias\/wp-content\/uploads\/serjao_div-1024x683.jpg 1024w, https:\/\/www.esportesbrasilia.com.br\/noticias\/wp-content\/uploads\/serjao_div-300x200.jpg 300w, https:\/\/www.esportesbrasilia.com.br\/noticias\/wp-content\/uploads\/serjao_div-768x512.jpg 768w, https:\/\/www.esportesbrasilia.com.br\/noticias\/wp-content\/uploads\/serjao_div-1536x1024.jpg 1536w, https:\/\/www.esportesbrasilia.com.br\/noticias\/wp-content\/uploads\/serjao_div-2048x1365.jpg 2048w\" sizes=\"auto, (max-width: 1024px) 100vw, 1024px\" \/><figcaption>Serj\u00e3o chegou a dar tr\u00eas tocos em uma mesma partida &#8211; Foto: Divulga\u00e7\u00e3o\/LNB<\/figcaption><\/figure>\n\n\n\n<p>J\u00e1 o tamb\u00e9m piv\u00f4 R\u00f4mulo, de 26 anos, foi contratado pelo Olivol Mundial, do Uruguai. Antes de jogar no Cerrado, o jogador teve passagens pelo basquete argentino. Em m\u00e9dia, R\u00f4mulo anotou sete pontos e quatro rebotes.<\/p>\n\n\n\n<p>Como marca mais expressiva na temporada, R\u00f4mulo anotou 16 pontos e 11 rebotes no jogo contra o Pato Basquete, em novembro do ano passado.<\/p>\n\n\n\n<p><\/p>\n\n\n\n<p><\/p>\n","protected":false},"excerpt":{"rendered":"<p>O Cerrado Basquete, time que disputou, pela segunda vez, o Novo Basquete Brasil, est\u00e1 contabilizando as baixas na equipe para a pr\u00f3xima temporada. Depois de Kenny Dawkins ser anunciado como novo armador do Rio Claro\/SP, mais dois atletas n\u00e3o vestir\u00e3o a camisa do time candango na temporada 2022\/2023. O piv\u00f4 Serj\u00e3o, de 22 anos, anunciou [&hellip;]<\/p>\n","protected":false},"author":2,"featured_media":14397,"comment_status":"closed","ping_status":"closed","sticky":false,"template":"","format":"standard","meta":{"footnotes":""},"categories":[12],"tags":[906,151],"class_list":["post-21865","post","type-post","status-publish","format-standard","has-post-thumbnail","hentry","category-basquete","tag-cer","tag-cerrado-basquete"],"_links":{"self":[{"href":"https:\/\/www.esportesbrasilia.com.br\/noticias\/wp-json\/wp\/v2\/posts\/21865","targetHints":{"allow":["GET"]}}],"collection":[{"href":"https:\/\/www.esportesbrasilia.com.br\/noticias\/wp-json\/wp\/v2\/posts"}],"about":[{"href":"https:\/\/www.esportesbrasilia.com.br\/noticias\/wp-json\/wp\/v2\/types\/post"}],"author":[{"embeddable":true,"href":"https:\/\/www.esportesbrasilia.com.br\/noticias\/wp-json\/wp\/v2\/users\/2"}],"replies":[{"embeddable":true,"href":"https:\/\/www.esportesbrasilia.com.br\/noticias\/wp-json\/wp\/v2\/comments?post=21865"}],"version-history":[{"count":1,"href":"https:\/\/www.esportesbrasilia.com.br\/noticias\/wp-json\/wp\/v2\/posts\/21865\/revisions"}],"predecessor-version":[{"id":21867,"href":"https:\/\/www.esportesbrasilia.com.br\/noticias\/wp-json\/wp\/v2\/posts\/21865\/revisions\/21867"}],"wp:featuredmedia":[{"embeddable":true,"href":"https:\/\/www.esportesbrasilia.com.br\/noticias\/wp-json\/wp\/v2\/media\/14397"}],"wp:attachment":[{"href":"https:\/\/www.esportesbrasilia.com.br\/noticias\/wp-json\/wp\/v2\/media?parent=21865"}],"wp:term":[{"taxonomy":"category","embeddable":true,"href":"https:\/\/www.esportesbrasilia.com.br\/noticias\/wp-json\/wp\/v2\/categories?post=21865"},{"taxonomy":"post_tag","embeddable":true,"href":"https:\/\/www.esportesbrasilia.com.br\/noticias\/wp-json\/wp\/v2\/tags?post=21865"}],"curies":[{"name":"wp","href":"https:\/\/api.w.org\/{rel}","templated":true}]}}