{"id":21713,"date":"2022-06-07T23:12:50","date_gmt":"2022-06-08T02:12:50","guid":{"rendered":"https:\/\/www.esportesbrasilia.com.br\/noticias\/?p=21713"},"modified":"2022-06-07T23:17:15","modified_gmt":"2022-06-08T02:17:15","slug":"a-calada-voz-das-arquibancadas","status":"publish","type":"post","link":"https:\/\/www.esportesbrasilia.com.br\/noticias\/colunas\/notatico\/a-calada-voz-das-arquibancadas.html","title":{"rendered":"A calada voz das arquibancadas"},"content":{"rendered":"\n<p>Ao final do jogo Ceil\u00e2ndia 1-2 An\u00e1polis no \u00faltimo s\u00e1bado (4\/6), no Abadi\u00e3o, eu e Allan Barbosa discutimos no p\u00f3s-jogo da <strong>Esportes Bras\u00edlia<\/strong> sobre a quest\u00e3o do est\u00e1dio como espa\u00e7o para comparecer, no m\u00ednimo, como forma de lazer.<\/p>\n\n\n\n<p>Os clubes de v\u00e1rios esportes ao redor do mundo passam a valorizar, hoje, a quest\u00e3o macro de quem vai ao est\u00e1dio, como outros incentivos para um torcedor ir ao est\u00e1dio al\u00e9m de ver o pr\u00f3prio time jogar. Brindes, interatividade, m\u00fasica, luzes: tudo de sensacionalista j\u00e1 faz parte dos espet\u00e1culos al\u00e9m do que o esporte naturalmente proporciona.<\/p>\n\n\n\n<p>Claro que essa vis\u00e3o de grande evento n\u00e3o se aplica a um jogo da oitava rodada da S\u00e9rie D do Campeonato Brasileiro. Mas, arredondando os n\u00fameros, metade da torcida presente no Abadi\u00e3o, no \u00faltimo s\u00e1bado, era do An\u00e1polis, que vive \u00f3tima fase, com seis vit\u00f3rias seguidas, enquanto o Ceil\u00e2ndia atravessa sua pior forma na temporada. Entende-se, nesse momento, o porque de n\u00e3o levar sequer 100 torcedores ao pr\u00f3prio est\u00e1dio em um jogo-chave do campeonato.<\/p>\n\n\n\n<p>O p\u00fablico total deste jogo foi de 179 pessoas. Quase dez vezes menos o que o Atl\u00e9tico Mineiro levou de visitantes ao Allianz Parque no jogo deste domingo (5\/6), pela S\u00e9rie A. A transmiss\u00e3o oficial, no entanto, mostrou que a torcida do Galo gritou, em alguns momentos, mais que os mais de 38 mil palmeirenses presentes em Palestra It\u00e1lia. Valeriam as aspas para o grande n\u00famero. Explicarei logo.<\/p>\n\n\n\n<p>Um dos jogos mais aguardados da temporada teve mais de 40 mil torcedores no hor\u00e1rio nobre do futebol na rodada do fim de semana. Para o clube paulista, significou o recorde de p\u00fablico na presente temporada. Detalhe: o Palmeiras jogou melhor do que o Atl\u00e9tico, apesar do zero a zero.<\/p>\n\n\n\n<p>Ent\u00e3o, porque a torcida atleticana gritou mais durante o jogo? A tal pol\u00eamica come\u00e7ou na semana do jogo, com cr\u00edticas da principal torcida organizada palmeirense, a Mancha Verde, sobre os pre\u00e7os dos ingressos e \u00e0 gest\u00e3o da presidente Leila Pereira, que havia prometido manter uma const\u00e2ncia no pre\u00e7o dos bilhetes.<\/p>\n\n\n\n<p>No campo, Palmeiras e Atl\u00e9tico (j\u00e1 h\u00e1 algum tempo) demonstram um show em campo. Na arquibancada, o Galo levou os tr\u00eas pontos, mais gra\u00e7as \u00e0 elitizada parcela de palmeirenses que pagaram, com seu dinheiro, para ver a um jogo de futebol qualquer do que qualquer outra coisa. Tal parcela desmotivou at\u00e9 \u00e0 pr\u00f3pria Mancha Verde, a mesma que fizera espet\u00e1culo em janeiro no Uruguai e em fevereiro, em Abu Dhabi.<\/p>\n\n\n\n<p>Em maio, teve fim uma das torcidas mais fortes do basquete brasileiro, a Loucos da Central, do Bauru Basket. A diretoria bauruense decidira, em golpe fatal, receber a torcida do S\u00e3o Paulo em um jogo de playoffs no local que pertencia \u00e0 barra. Tal &#8220;humilhante&#8221; decis\u00e3o, como descrevera a carta de despedida da torcida, \u00e9 imagem do que podem vir a ser as torcidas organizadas, uniformizadas, populares. Enfim, torcidas: esp\u00e9cie em extin\u00e7\u00e3o, ca\u00e7adas pelos diretores dos pr\u00f3prios clubes que alentam.<\/p>\n\n\n\n<p>J\u00e1 n\u00e3o \u00e9 segredo a elitiza\u00e7\u00e3o dos esportes com as modernas arenas e experi\u00eancias que abrilhantam os olhos de quem acompanha nas diversas m\u00eddias. Apenas sofre quem n\u00e3o consegue chegar a ver, por ser considerado menos do que verdadeiramente \u00e9: a sua pr\u00f3pria camisa.<\/p>\n\n\n\n<p>\/\/\/\/\/\/\/\/\/\/\/\/\/<\/p>\n\n\n\n<p>Ol\u00e1, curtiu a cr\u00f4nica? Esta \u00e9 a estreia do N\u00f3 T\u00e1tico, a nova coluna semanal da <strong>Esportes Bras\u00edlia<\/strong>, que estreia hoje. Eu sou Paulo Martins e \u00e9 um prazer estar aqui com voc\u00ea. Pensar futebol n\u00e3o \u00e9 pensar um estilo de vida, mas pensar aquilo que muitas das vezes \u00e9 a nossa vida.<\/p>\n","protected":false},"excerpt":{"rendered":"<p>Ao final do jogo Ceil\u00e2ndia 1-2 An\u00e1polis no \u00faltimo s\u00e1bado (4\/6), no Abadi\u00e3o, eu e Allan Barbosa discutimos no p\u00f3s-jogo da Esportes Bras\u00edlia sobre a quest\u00e3o do est\u00e1dio como espa\u00e7o para comparecer, no m\u00ednimo, como forma de lazer. Os clubes de v\u00e1rios esportes ao redor do mundo passam a valorizar, hoje, a quest\u00e3o macro de [&hellip;]<\/p>\n","protected":false},"author":1,"featured_media":21716,"comment_status":"closed","ping_status":"closed","sticky":false,"template":"","format":"standard","meta":{"footnotes":""},"categories":[1029],"tags":[],"class_list":["post-21713","post","type-post","status-publish","format-standard","has-post-thumbnail","hentry","category-notatico"],"_links":{"self":[{"href":"https:\/\/www.esportesbrasilia.com.br\/noticias\/wp-json\/wp\/v2\/posts\/21713","targetHints":{"allow":["GET"]}}],"collection":[{"href":"https:\/\/www.esportesbrasilia.com.br\/noticias\/wp-json\/wp\/v2\/posts"}],"about":[{"href":"https:\/\/www.esportesbrasilia.com.br\/noticias\/wp-json\/wp\/v2\/types\/post"}],"author":[{"embeddable":true,"href":"https:\/\/www.esportesbrasilia.com.br\/noticias\/wp-json\/wp\/v2\/users\/1"}],"replies":[{"embeddable":true,"href":"https:\/\/www.esportesbrasilia.com.br\/noticias\/wp-json\/wp\/v2\/comments?post=21713"}],"version-history":[{"count":1,"href":"https:\/\/www.esportesbrasilia.com.br\/noticias\/wp-json\/wp\/v2\/posts\/21713\/revisions"}],"predecessor-version":[{"id":21714,"href":"https:\/\/www.esportesbrasilia.com.br\/noticias\/wp-json\/wp\/v2\/posts\/21713\/revisions\/21714"}],"wp:featuredmedia":[{"embeddable":true,"href":"https:\/\/www.esportesbrasilia.com.br\/noticias\/wp-json\/wp\/v2\/media\/21716"}],"wp:attachment":[{"href":"https:\/\/www.esportesbrasilia.com.br\/noticias\/wp-json\/wp\/v2\/media?parent=21713"}],"wp:term":[{"taxonomy":"category","embeddable":true,"href":"https:\/\/www.esportesbrasilia.com.br\/noticias\/wp-json\/wp\/v2\/categories?post=21713"},{"taxonomy":"post_tag","embeddable":true,"href":"https:\/\/www.esportesbrasilia.com.br\/noticias\/wp-json\/wp\/v2\/tags?post=21713"}],"curies":[{"name":"wp","href":"https:\/\/api.w.org\/{rel}","templated":true}]}}