{"id":2171,"date":"2016-06-19T23:30:40","date_gmt":"2016-06-20T02:30:40","guid":{"rendered":"http:\/\/www.esportesbrasilia.com.br\/noticias\/?p=2171"},"modified":"2016-06-20T12:44:35","modified_gmt":"2016-06-20T15:44:35","slug":"flamengo-e-sao-paulo-empatam-no-mane-garrincha","status":"publish","type":"post","link":"https:\/\/www.esportesbrasilia.com.br\/noticias\/futebol\/flamengo-e-sao-paulo-empatam-no-mane-garrincha.html","title":{"rendered":"Flamengo e S\u00e3o Paulo empatam no Man\u00e9 Garrincha"},"content":{"rendered":"<p>Depois de transferir alguns mandos de campo para Bras\u00edlia, o Flamengo recebeu o S\u00e3o Paulo pela 9\u00aa rodada do Brasileir\u00e3o. Com as duas equipes pr\u00f3ximas ao topo da tabela, a vit\u00f3ria daria maior regularidade na classifica\u00e7\u00e3o. O time paulista, inclusive, buscava pela primeira vez duas vit\u00f3rias consecutivas.<\/p>\n<p><strong>O jogo<\/strong><br \/>\nOs primeiros lances de perigo que agitaram a torcida foram do Flamengo e ocorreram logo aos seis minutos. Depois de dois cruzamentos vindos da esquerda, o zagueiro Maicon tirou para onde deu. Em seguida, Rodinei chutou cruzado da entrada da grande \u00e1rea com perigo e Denis mandou para linha de fundo. A press\u00e3o do rubro-negro era maior. Dois minutos depois, Cirino cai na \u00e1rea e os companheiros pedem p\u00eanalti; o arbitro Elmo Resende manda seguir.<\/p>\n<p>Diante do maior volume de jogo advers\u00e1rio, o tricolor paulista buscava o jogo nos contra-ataques. N\u00e3o demorou para o gol sair dessa forma. Aos 11 minutos, Ganso deixa um Ewerton na saudade e lan\u00e7a a bola para Calleri, que bate sem chances para Muralha.<\/p>\n<p>Mesmo depois de sofrer o gol, os cariocas continuavam com maior volume de jogo. Depois de muito martelar na entrada da \u00e1rea, a solu\u00e7\u00e3o se mostrou pela lateral. Aos 22, Jorge cruza para a pequena \u00e1rea, Denis faz a defesa parcial, a bola resvala na cabe\u00e7a de Rodrigo Caio que marca contra o patrim\u00f4nio. Era o empate do Flamengo.<\/p>\n<div id=\"attachment_2173\" style=\"width: 650px\" class=\"wp-caption aligncenter\"><img loading=\"lazy\" decoding=\"async\" aria-describedby=\"caption-attachment-2173\" class=\"size-large wp-image-2173\" src=\"https:\/\/www.esportesbrasilia.com.br\/noticias\/wp-content\/uploads\/flamengoxsaopaulo_reptv_2-1024x576.jpg\" alt=\"Rodrigo Caio marca gol contra para o Flamengo no primeiro tempo - Foto: Reprodu\u00e7\u00e3o\" width=\"640\" height=\"360\" srcset=\"https:\/\/www.esportesbrasilia.com.br\/noticias\/wp-content\/uploads\/flamengoxsaopaulo_reptv_2-1024x576.jpg 1024w, https:\/\/www.esportesbrasilia.com.br\/noticias\/wp-content\/uploads\/flamengoxsaopaulo_reptv_2-300x169.jpg 300w, https:\/\/www.esportesbrasilia.com.br\/noticias\/wp-content\/uploads\/flamengoxsaopaulo_reptv_2-768x432.jpg 768w, https:\/\/www.esportesbrasilia.com.br\/noticias\/wp-content\/uploads\/flamengoxsaopaulo_reptv_2-696x392.jpg 696w, https:\/\/www.esportesbrasilia.com.br\/noticias\/wp-content\/uploads\/flamengoxsaopaulo_reptv_2-1068x601.jpg 1068w, https:\/\/www.esportesbrasilia.com.br\/noticias\/wp-content\/uploads\/flamengoxsaopaulo_reptv_2-747x420.jpg 747w, https:\/\/www.esportesbrasilia.com.br\/noticias\/wp-content\/uploads\/flamengoxsaopaulo_reptv_2.jpg 1280w\" sizes=\"auto, (max-width: 640px) 100vw, 640px\" \/><p id=\"caption-attachment-2173\" class=\"wp-caption-text\">Rodrigo Caio marca gol contra para o Flamengo no primeiro tempo &#8211; Foto: Reprodu\u00e7\u00e3o<\/p><\/div>\n<p>Aos 30, Felipe Vizeu arrisca de fora da \u00e1rea para grande defesa de Denis. Em resposta, aos 36, Calleri quase faz o segundo depois de receber bom cruzamento de Ganso e cabecear pouco acima do travess\u00e3o.<\/p>\n<p>O esquema das equipes estava claro. O Flamengo atacava, tocava bola no meio e procurava espa\u00e7os. Enquanto isso, o S\u00e3o Paulo aproveitava os contra-ataques r\u00e1pidos. Na marca de 37 minutos, bombardeio do rubro-negro carioca. Felipe Vizeu se infiltra na \u00e1rea e chuta em cima de Denis. No rebote, o chute de Cirino \u00e9 mandado pra frente. Nos acr\u00e9scimos, mais uma grande defesa de Denis tamb\u00e9m num chute de fora da \u00e1rea, dessa vez, de M\u00e1rcio Ara\u00fajo.<\/p>\n<p>No segundo tempo, os times voltaram com a mesma proposta sem altera\u00e7\u00f5es e saiu um gol s\u00e3o-paulino conforme o primeiro, logo aos cinco minutos. Kelvin cruza para dentro da \u00e1rea onde Calleri cabeceia para o gol, sem chance de defesa para Alex Muralha.<\/p>\n<p>Os lances pareciam replay da segunda etapa. Aos oito, Willian Ar\u00e3o chuta de fora \u00e1rea para mais uma bela defesa de Denis, que espalma para escanteio. Em lance de falta, aos 10, Alan Patrick cobra com precis\u00e3o para cabe\u00e7ada de Willian Ar\u00e3o morrer na rede, empatando novamente a partida em 2&#215;2.<\/p>\n<div id=\"attachment_2172\" style=\"width: 650px\" class=\"wp-caption aligncenter\"><img loading=\"lazy\" decoding=\"async\" aria-describedby=\"caption-attachment-2172\" class=\"size-large wp-image-2172\" src=\"https:\/\/www.esportesbrasilia.com.br\/noticias\/wp-content\/uploads\/flamengoxsaopaulo_reptv-1024x576.jpg\" alt=\"Willian Ar\u00e3o marca o segundo gol do Flamengo no segundo tempo - Foto: Reprodu\u00e7\u00e3o\" width=\"640\" height=\"360\" srcset=\"https:\/\/www.esportesbrasilia.com.br\/noticias\/wp-content\/uploads\/flamengoxsaopaulo_reptv-1024x576.jpg 1024w, https:\/\/www.esportesbrasilia.com.br\/noticias\/wp-content\/uploads\/flamengoxsaopaulo_reptv-300x169.jpg 300w, https:\/\/www.esportesbrasilia.com.br\/noticias\/wp-content\/uploads\/flamengoxsaopaulo_reptv-768x432.jpg 768w, https:\/\/www.esportesbrasilia.com.br\/noticias\/wp-content\/uploads\/flamengoxsaopaulo_reptv-696x392.jpg 696w, https:\/\/www.esportesbrasilia.com.br\/noticias\/wp-content\/uploads\/flamengoxsaopaulo_reptv-1068x601.jpg 1068w, https:\/\/www.esportesbrasilia.com.br\/noticias\/wp-content\/uploads\/flamengoxsaopaulo_reptv-747x420.jpg 747w, https:\/\/www.esportesbrasilia.com.br\/noticias\/wp-content\/uploads\/flamengoxsaopaulo_reptv.jpg 1280w\" sizes=\"auto, (max-width: 640px) 100vw, 640px\" \/><p id=\"caption-attachment-2172\" class=\"wp-caption-text\">Willian Ar\u00e3o marca o segundo gol do Flamengo no segundo tempo &#8211; Foto: Reprodu\u00e7\u00e3o<\/p><\/div>\n<p>Na metade do segundo tempo, Calleri foi expulso. J\u00e1 havia recebido amarelo por falta na primeira etapa e recebeu o segundo por excesso de reclama\u00e7\u00e3o. O Flamengo, que j\u00e1 tinha maior volume de jogo, passou a pressionar de forma a deixar o S\u00e3o Paulo encurralado no campo de defesa.<\/p>\n<p>O time paulista perdeu a v\u00e1lvula de escape do atacante argentino e n\u00e3o conseguia engatar contra-ataques. Nessa press\u00e3o toda, a defesa errava muito, deixando os flamenguistas em boas condi\u00e7\u00f5es, mas os erros de conclus\u00e3o e as boas defesas de Denis os impediram de marcar mais gols.<\/p>\n<p>Aos 46 minutos, surgiu a maior oportunidade da vit\u00f3ria rubro-negra. Elmo Resende assinala penalidade m\u00e1xima sobre Emerson Sheik ap\u00f3s um p\u00e9 alto de Maicon. Alan Patrick foi para a cobran\u00e7a, mas mandou \u00e0 direita do gol, desperdi\u00e7ando a cobran\u00e7a. Com isso, o placar ficou mesmo em 2&#215;2.<\/p>\n<p>A pr\u00f3xima partida do Flamengo pelo Brasileir\u00e3o ser\u00e1 na quarta-feira, \u00e0s 21h, contra o Santa Cruz, fora de casa. J\u00e1 o S\u00e3o Paulo recebe o Sport, na quinta-feira, \u00e0s 21h.<\/p>\n<p><strong>CAMPEONATO BRASILEIRO<\/strong><br \/>\n<strong> FLAMENGO 2-2 S\u00c3O PAULO<\/strong><br \/>\n<strong> 19.06.2016 &#8211; EST\u00c1DIO NACIONAL MAN\u00c9 GARRINCHA &#8211; BRAS\u00cdLIA\/DF<\/strong><\/p>\n<p><strong>P\u00fablico: 27.233 pagantes<\/strong><br \/>\n<strong> Renda: R$ 1.493.145,00<\/strong><br \/>\nCart\u00f5es Amarelos: Marcelo Cirino (Flamengo); Kelvin, Caramelo, Calleri (S\u00e3o Paulo)<br \/>\nCart\u00e3o Vermelho: Calleri (S\u00e3o Paulo)<\/p>\n<p><strong>FLAMENGO<\/strong><br \/>\nAlex Muralha; Rodinei, R\u00e9ver, Rafael Vaz e Jorge; M\u00e1rcio Ara\u00fajo, Willian Ar\u00e3o, Alan Patrick e Ewerton (Fernandinho); Marcelo Cirino (Gabriel) e Felipe Vizeu (Emerson Sheik).<br \/>\nT\u00e9cnico: Z\u00e9 Ricardo<\/p>\n<p><strong>S\u00c3O PAULO<\/strong><br \/>\nD\u00eanis; Bruno (Allan Kardec), Maicon, Rodrigo Caio e Matheus Reis; Jo\u00e3o Schmidt, Arthur, Ganso (Ytalo) e Michel Bastos; Kelvin (Caramelo) e Calleri.<br \/>\nT\u00e9cnico: Edgardo Bauza<\/p>\n","protected":false},"excerpt":{"rendered":"<p>Depois de transferir alguns mandos de campo para Bras\u00edlia, o Flamengo recebeu o S\u00e3o Paulo pela 9\u00aa rodada do Brasileir\u00e3o. Com as duas equipes pr\u00f3ximas ao topo da tabela, a vit\u00f3ria daria maior regularidade na classifica\u00e7\u00e3o. O time paulista, inclusive, buscava pela primeira vez duas vit\u00f3rias consecutivas. O jogo Os primeiros lances de perigo que [&hellip;]<\/p>\n","protected":false},"author":3,"featured_media":2174,"comment_status":"open","ping_status":"closed","sticky":false,"template":"","format":"standard","meta":{"footnotes":""},"categories":[8],"tags":[],"class_list":["post-2171","post","type-post","status-publish","format-standard","has-post-thumbnail","hentry","category-futebol"],"_links":{"self":[{"href":"https:\/\/www.esportesbrasilia.com.br\/noticias\/wp-json\/wp\/v2\/posts\/2171","targetHints":{"allow":["GET"]}}],"collection":[{"href":"https:\/\/www.esportesbrasilia.com.br\/noticias\/wp-json\/wp\/v2\/posts"}],"about":[{"href":"https:\/\/www.esportesbrasilia.com.br\/noticias\/wp-json\/wp\/v2\/types\/post"}],"author":[{"embeddable":true,"href":"https:\/\/www.esportesbrasilia.com.br\/noticias\/wp-json\/wp\/v2\/users\/3"}],"replies":[{"embeddable":true,"href":"https:\/\/www.esportesbrasilia.com.br\/noticias\/wp-json\/wp\/v2\/comments?post=2171"}],"version-history":[{"count":1,"href":"https:\/\/www.esportesbrasilia.com.br\/noticias\/wp-json\/wp\/v2\/posts\/2171\/revisions"}],"predecessor-version":[{"id":2175,"href":"https:\/\/www.esportesbrasilia.com.br\/noticias\/wp-json\/wp\/v2\/posts\/2171\/revisions\/2175"}],"wp:featuredmedia":[{"embeddable":true,"href":"https:\/\/www.esportesbrasilia.com.br\/noticias\/wp-json\/wp\/v2\/media\/2174"}],"wp:attachment":[{"href":"https:\/\/www.esportesbrasilia.com.br\/noticias\/wp-json\/wp\/v2\/media?parent=2171"}],"wp:term":[{"taxonomy":"category","embeddable":true,"href":"https:\/\/www.esportesbrasilia.com.br\/noticias\/wp-json\/wp\/v2\/categories?post=2171"},{"taxonomy":"post_tag","embeddable":true,"href":"https:\/\/www.esportesbrasilia.com.br\/noticias\/wp-json\/wp\/v2\/tags?post=2171"}],"curies":[{"name":"wp","href":"https:\/\/api.w.org\/{rel}","templated":true}]}}