{"id":21668,"date":"2022-05-27T23:17:21","date_gmt":"2022-05-28T02:17:21","guid":{"rendered":"https:\/\/www.esportesbrasilia.com.br\/noticias\/?p=21668"},"modified":"2022-05-27T23:17:22","modified_gmt":"2022-05-28T02:17:22","slug":"dede-barbosa-e-confirmado-como-novo-tecnico-do-brasilia-basquete","status":"publish","type":"post","link":"https:\/\/www.esportesbrasilia.com.br\/noticias\/basquete\/dede-barbosa-e-confirmado-como-novo-tecnico-do-brasilia-basquete.html","title":{"rendered":"Ded\u00e9 Barbosa \u00e9 confirmado como novo t\u00e9cnico do Bras\u00edlia Basquete"},"content":{"rendered":"\n<p><strong>Foto: Victor Lira\/Bauru Basket<\/strong><\/p>\n\n\n\n<p>O Bras\u00edlia Basquete ter\u00e1 um novo t\u00e9cnico para a temporada 2022\/2023 do Novo Basquete Brasil. Trata-se de Ded\u00e9 Barbosa, que estava no Pato Basquete.<\/p>\n\n\n\n<p>Andr\u00e9 Barbosa tem 46 anos e comandar\u00e1 o quinto time na hist\u00f3ria da competi\u00e7\u00e3o nacional. Antes de vestir o uniforme da equipe candanga, o treinador passou por Pato Basquete\/PR, Vasco\/RJ, Rio Claro\/SP e Limeira\/SP.<\/p>\n\n\n\n<p>Ded\u00e9 assume o lugar de R\u00e9gis Marreli, que treinou os candangos na \u00faltima temporada do NBB, onde o Bras\u00edlia Basquete terminou a competi\u00e7\u00e3o na lanterna.<\/p>\n\n\n\n<p>&#8220;Estou animado demais com o projeto. Sabemos de tudo que precisamos para alavancar o projeto e colocar no lugar que merece. Gostei muito de toda a estrutura que a equipe propicia para comiss\u00e3o e atletas. Vamos degrau a degrau para chegar longe com o BRB Bras\u00edlia&#8221;, disse Ded\u00e9 Barbosa, nas redes sociais do clube.<\/p>\n","protected":false},"excerpt":{"rendered":"<p>Foto: Victor Lira\/Bauru Basket O Bras\u00edlia Basquete ter\u00e1 um novo t\u00e9cnico para a temporada 2022\/2023 do Novo Basquete Brasil. Trata-se de Ded\u00e9 Barbosa, que estava no Pato Basquete. Andr\u00e9 Barbosa tem 46 anos e comandar\u00e1 o quinto time na hist\u00f3ria da competi\u00e7\u00e3o nacional. Antes de vestir o uniforme da equipe candanga, o treinador passou por [&hellip;]<\/p>\n","protected":false},"author":2,"featured_media":21669,"comment_status":"closed","ping_status":"closed","sticky":false,"template":"","format":"standard","meta":{"footnotes":""},"categories":[12],"tags":[886,1002],"class_list":["post-21668","post","type-post","status-publish","format-standard","has-post-thumbnail","hentry","category-basquete","tag-brasilia-basquete","tag-dede-barbosa"],"_links":{"self":[{"href":"https:\/\/www.esportesbrasilia.com.br\/noticias\/wp-json\/wp\/v2\/posts\/21668","targetHints":{"allow":["GET"]}}],"collection":[{"href":"https:\/\/www.esportesbrasilia.com.br\/noticias\/wp-json\/wp\/v2\/posts"}],"about":[{"href":"https:\/\/www.esportesbrasilia.com.br\/noticias\/wp-json\/wp\/v2\/types\/post"}],"author":[{"embeddable":true,"href":"https:\/\/www.esportesbrasilia.com.br\/noticias\/wp-json\/wp\/v2\/users\/2"}],"replies":[{"embeddable":true,"href":"https:\/\/www.esportesbrasilia.com.br\/noticias\/wp-json\/wp\/v2\/comments?post=21668"}],"version-history":[{"count":1,"href":"https:\/\/www.esportesbrasilia.com.br\/noticias\/wp-json\/wp\/v2\/posts\/21668\/revisions"}],"predecessor-version":[{"id":21670,"href":"https:\/\/www.esportesbrasilia.com.br\/noticias\/wp-json\/wp\/v2\/posts\/21668\/revisions\/21670"}],"wp:featuredmedia":[{"embeddable":true,"href":"https:\/\/www.esportesbrasilia.com.br\/noticias\/wp-json\/wp\/v2\/media\/21669"}],"wp:attachment":[{"href":"https:\/\/www.esportesbrasilia.com.br\/noticias\/wp-json\/wp\/v2\/media?parent=21668"}],"wp:term":[{"taxonomy":"category","embeddable":true,"href":"https:\/\/www.esportesbrasilia.com.br\/noticias\/wp-json\/wp\/v2\/categories?post=21668"},{"taxonomy":"post_tag","embeddable":true,"href":"https:\/\/www.esportesbrasilia.com.br\/noticias\/wp-json\/wp\/v2\/tags?post=21668"}],"curies":[{"name":"wp","href":"https:\/\/api.w.org\/{rel}","templated":true}]}}