{"id":21659,"date":"2022-05-27T11:07:00","date_gmt":"2022-05-27T14:07:00","guid":{"rendered":"https:\/\/www.esportesbrasilia.com.br\/noticias\/?p=21659"},"modified":"2022-05-27T11:19:45","modified_gmt":"2022-05-27T14:19:45","slug":"comissao-de-esporte-do-senado-federal-aprova-texto-da-lei-geral-do-esporte","status":"publish","type":"post","link":"https:\/\/www.esportesbrasilia.com.br\/noticias\/outros\/comissao-de-esporte-do-senado-federal-aprova-texto-da-lei-geral-do-esporte.html","title":{"rendered":"Comiss\u00e3o de Esporte do Senado Federal aprova texto da Lei Geral do Esporte"},"content":{"rendered":"\n<p><strong>Foto: F\u00e1bio Rodrigues Pozzebom\/Ag\u00eancia Brasil<\/strong><\/p>\n\n\n\n<p>Na manh\u00e3 desta quinta-feira (26), a Comiss\u00e3o de Educa\u00e7\u00e3o, Cultura e Esporte do Senado Federal aprovou o texto do PLS 68\/2017, tamb\u00e9m conhecido como a Lei Geral do Esporte.<\/p>\n\n\n\n<p>A lei prop\u00f5e consolidar, em uma \u00fanica legisla\u00e7\u00e3o, todas as normas e regulamenta\u00e7\u00f5es referentes \u00e0s pr\u00e1ticas desportivas no Brasil. Isso inclui a tipifica\u00e7\u00e3o do crime de corrup\u00e7\u00e3o privada no esporte, o combate ao racismo nos est\u00e1dios, os direitos trabalhistas dos atletas e os direitos de transmiss\u00e3o de imagens dos eventos esportivos.<\/p>\n\n\n\n<p>A relatora da proposta \u00e9 a senadora e ex-jogadora de v\u00f4lei, Leila Barros (foto) do PDT\/DF. Ela comemora a aprova\u00e7\u00e3o do texto na Comiss\u00e3o.<\/p>\n\n\n\n<p>\u201cPriorizando a forma\u00e7\u00e3o esportiva que \u00e9 a base e o esporte pra toda a vida que \u00e9 uma quest\u00e3o de estilo de vida, de qualidade de vida. Ent\u00e3o n\u00f3s estamos nos preocupando com outras faixas et\u00e1rias tamb\u00e9m\u201d, ressaltou Leila.<\/p>\n\n\n\n<p>O presidente da Comiss\u00e3o \u00e9 o senador Marcelo Castro, do MDB do Piau\u00ed. Ele explicou do que se trata a Lei Geral do Esporte. &#8220;Ela \u00e9 um apanhado de todas as leis do esporte brasileiro que define as rela\u00e7\u00f5es entre atletas e clubes, valorizando o esporte de base. Podemos dizer que foi um avan\u00e7o significativo&#8221;, afirmou o senador.<\/p>\n\n\n\n<p>O texto da Lei Geral do Esporte, que foi aprovado com 270 artigos, segue agora para an\u00e1lise no plen\u00e1rio do Senado Federal.<\/p>\n","protected":false},"excerpt":{"rendered":"<p>Foto: F\u00e1bio Rodrigues Pozzebom\/Ag\u00eancia Brasil Na manh\u00e3 desta quinta-feira (26), a Comiss\u00e3o de Educa\u00e7\u00e3o, Cultura e Esporte do Senado Federal aprovou o texto do PLS 68\/2017, tamb\u00e9m conhecido como a Lei Geral do Esporte. A lei prop\u00f5e consolidar, em uma \u00fanica legisla\u00e7\u00e3o, todas as normas e regulamenta\u00e7\u00f5es referentes \u00e0s pr\u00e1ticas desportivas no Brasil. Isso inclui [&hellip;]<\/p>\n","protected":false},"author":25,"featured_media":21660,"comment_status":"closed","ping_status":"closed","sticky":false,"template":"","format":"standard","meta":{"footnotes":""},"categories":[2],"tags":[994,995,997],"class_list":["post-21659","post","type-post","status-publish","format-standard","has-post-thumbnail","hentry","category-outros","tag-lei-geral-do-esporte","tag-leila-barros","tag-marcelo-castro"],"_links":{"self":[{"href":"https:\/\/www.esportesbrasilia.com.br\/noticias\/wp-json\/wp\/v2\/posts\/21659","targetHints":{"allow":["GET"]}}],"collection":[{"href":"https:\/\/www.esportesbrasilia.com.br\/noticias\/wp-json\/wp\/v2\/posts"}],"about":[{"href":"https:\/\/www.esportesbrasilia.com.br\/noticias\/wp-json\/wp\/v2\/types\/post"}],"author":[{"embeddable":true,"href":"https:\/\/www.esportesbrasilia.com.br\/noticias\/wp-json\/wp\/v2\/users\/25"}],"replies":[{"embeddable":true,"href":"https:\/\/www.esportesbrasilia.com.br\/noticias\/wp-json\/wp\/v2\/comments?post=21659"}],"version-history":[{"count":2,"href":"https:\/\/www.esportesbrasilia.com.br\/noticias\/wp-json\/wp\/v2\/posts\/21659\/revisions"}],"predecessor-version":[{"id":21662,"href":"https:\/\/www.esportesbrasilia.com.br\/noticias\/wp-json\/wp\/v2\/posts\/21659\/revisions\/21662"}],"wp:featuredmedia":[{"embeddable":true,"href":"https:\/\/www.esportesbrasilia.com.br\/noticias\/wp-json\/wp\/v2\/media\/21660"}],"wp:attachment":[{"href":"https:\/\/www.esportesbrasilia.com.br\/noticias\/wp-json\/wp\/v2\/media?parent=21659"}],"wp:term":[{"taxonomy":"category","embeddable":true,"href":"https:\/\/www.esportesbrasilia.com.br\/noticias\/wp-json\/wp\/v2\/categories?post=21659"},{"taxonomy":"post_tag","embeddable":true,"href":"https:\/\/www.esportesbrasilia.com.br\/noticias\/wp-json\/wp\/v2\/tags?post=21659"}],"curies":[{"name":"wp","href":"https:\/\/api.w.org\/{rel}","templated":true}]}}