{"id":21640,"date":"2022-05-24T12:15:20","date_gmt":"2022-05-24T15:15:20","guid":{"rendered":"https:\/\/www.esportesbrasilia.com.br\/noticias\/?p=21640"},"modified":"2022-05-24T22:21:52","modified_gmt":"2022-05-25T01:21:52","slug":"brasilia-volei-anuncia-primeiras-renovacoes-para-a-temporada-2022-2023","status":"publish","type":"post","link":"https:\/\/www.esportesbrasilia.com.br\/noticias\/volei\/brasilia-volei-anuncia-primeiras-renovacoes-para-a-temporada-2022-2023.html","title":{"rendered":"Bras\u00edlia V\u00f4lei anuncia primeiras renova\u00e7\u00f5es para a temporada 2022\/2023"},"content":{"rendered":"\n<p><strong>Foto: Patricy Albuquerque\/Ag\u00eancia EB<\/strong><\/p>\n\n\n\n<p>O Bras\u00edlia V\u00f4lei come\u00e7a a montar a cara para a pr\u00f3xima temporada da Superliga Feminina. Depois de obter o nono lugar na temporada 2021\/2022, a equipe dirigida por Fl\u00e1vio Thiessen anunciou, nesta segunda-feira (23), o primeiro nome para vestir a camisa do time candango.<\/p>\n\n\n\n<p>Trata-se da oposta Arianne, de 32 anos. A jogadora ficou entre as cinco maiores pontuadoras da \u00faltima temporada, anotando 380 pontos, sendo 23 aces.<\/p>\n\n\n\n<p>A equipe, que foi treinada por Rog\u00e9rio Portela nas \u00faltimas duas temporadas, ter\u00e1 um novo t\u00e9cnico: Duda Nunes, ex-assistente do Minas T\u00eanis Clube. A informa\u00e7\u00e3o foi divulgada pelo site <em>Web V\u00f4lei<\/em>.<\/p>\n\n\n\n<p><strong>Renova\u00e7\u00e3o Masculina<\/strong><\/p>\n\n\n\n<figure class=\"wp-block-image size-full\"><img loading=\"lazy\" decoding=\"async\" width=\"676\" height=\"387\" src=\"https:\/\/www.esportesbrasilia.com.br\/noticias\/wp-content\/uploads\/adriangoide.webp\" alt=\"\" class=\"wp-image-21642\" srcset=\"https:\/\/www.esportesbrasilia.com.br\/noticias\/wp-content\/uploads\/adriangoide.webp 676w, https:\/\/www.esportesbrasilia.com.br\/noticias\/wp-content\/uploads\/adriangoide-300x172.webp 300w\" sizes=\"auto, (max-width: 676px) 100vw, 676px\" \/><figcaption>Foto: Divulga\u00e7\u00e3o\/CBV<\/figcaption><\/figure>\n\n\n\n<p>Al\u00e9m de Arianne, outro nome confirmou a renova\u00e7\u00e3o nesta ter\u00e7a-feira (24). Pelo lado da equipe masculina, o cubano Adrian Goide permanece na equipe para a pr\u00f3xima temporada.<\/p>\n\n\n\n<p>O objetivo do time de Marcelo Thiessen \u00e9 promover um melhor desempenho do que o obtido na primeira temporada da equipe na elite nacional, onde chegou em d\u00e9cimo lugar.<\/p>\n","protected":false},"excerpt":{"rendered":"<p>Foto: Patricy Albuquerque\/Ag\u00eancia EB O Bras\u00edlia V\u00f4lei come\u00e7a a montar a cara para a pr\u00f3xima temporada da Superliga Feminina. Depois de obter o nono lugar na temporada 2021\/2022, a equipe dirigida por Fl\u00e1vio Thiessen anunciou, nesta segunda-feira (23), o primeiro nome para vestir a camisa do time candango. Trata-se da oposta Arianne, de 32 anos. [&hellip;]<\/p>\n","protected":false},"author":2,"featured_media":21649,"comment_status":"closed","ping_status":"closed","sticky":false,"template":"","format":"standard","meta":{"footnotes":""},"categories":[11],"tags":[989,990,115,988],"class_list":["post-21640","post","type-post","status-publish","format-standard","has-post-thumbnail","hentry","category-volei","tag-adrian-goide","tag-arianne-tolentino","tag-brasilia-volei","tag-renovacao"],"_links":{"self":[{"href":"https:\/\/www.esportesbrasilia.com.br\/noticias\/wp-json\/wp\/v2\/posts\/21640","targetHints":{"allow":["GET"]}}],"collection":[{"href":"https:\/\/www.esportesbrasilia.com.br\/noticias\/wp-json\/wp\/v2\/posts"}],"about":[{"href":"https:\/\/www.esportesbrasilia.com.br\/noticias\/wp-json\/wp\/v2\/types\/post"}],"author":[{"embeddable":true,"href":"https:\/\/www.esportesbrasilia.com.br\/noticias\/wp-json\/wp\/v2\/users\/2"}],"replies":[{"embeddable":true,"href":"https:\/\/www.esportesbrasilia.com.br\/noticias\/wp-json\/wp\/v2\/comments?post=21640"}],"version-history":[{"count":2,"href":"https:\/\/www.esportesbrasilia.com.br\/noticias\/wp-json\/wp\/v2\/posts\/21640\/revisions"}],"predecessor-version":[{"id":21650,"href":"https:\/\/www.esportesbrasilia.com.br\/noticias\/wp-json\/wp\/v2\/posts\/21640\/revisions\/21650"}],"wp:featuredmedia":[{"embeddable":true,"href":"https:\/\/www.esportesbrasilia.com.br\/noticias\/wp-json\/wp\/v2\/media\/21649"}],"wp:attachment":[{"href":"https:\/\/www.esportesbrasilia.com.br\/noticias\/wp-json\/wp\/v2\/media?parent=21640"}],"wp:term":[{"taxonomy":"category","embeddable":true,"href":"https:\/\/www.esportesbrasilia.com.br\/noticias\/wp-json\/wp\/v2\/categories?post=21640"},{"taxonomy":"post_tag","embeddable":true,"href":"https:\/\/www.esportesbrasilia.com.br\/noticias\/wp-json\/wp\/v2\/tags?post=21640"}],"curies":[{"name":"wp","href":"https:\/\/api.w.org\/{rel}","templated":true}]}}