{"id":2156,"date":"2016-06-17T16:07:19","date_gmt":"2016-06-17T19:07:19","guid":{"rendered":"http:\/\/www.esportesbrasilia.com.br\/noticias\/?p=2156"},"modified":"2016-06-18T00:11:15","modified_gmt":"2016-06-18T03:11:15","slug":"gol-fluminense-1x0-corinthians","status":"publish","type":"post","link":"https:\/\/www.esportesbrasilia.com.br\/noticias\/ebplay\/gol-fluminense-1x0-corinthians.html","title":{"rendered":"Gol &#8211; Fluminense 1&#215;0 Corinthians"},"content":{"rendered":"<p>Confira o gol que deu a vit\u00f3ria ao Fluminense por 1&#215;0 sobre o Corinthians.<br \/>\nNarra\u00e7\u00e3o: Rener Lopes<\/p>\n<p>Gol do Fluminense &#8211; C\u00edcero &#8211; 17min\/2T<\/p>\n<audio class=\"wp-audio-shortcode\" id=\"audio-2156-1\" preload=\"none\" style=\"width: 100%;\" controls=\"controls\"><source type=\"audio\/mpeg\" src=\"https:\/\/www.esportesbrasilia.com.br\/noticias\/wp-content\/uploads\/FLU-x-COR.mp3?_=1\" \/><a href=\"https:\/\/www.esportesbrasilia.com.br\/noticias\/wp-content\/uploads\/FLU-x-COR.mp3\">https:\/\/www.esportesbrasilia.com.br\/noticias\/wp-content\/uploads\/FLU-x-COR.mp3<\/a><\/audio>\n","protected":false},"excerpt":{"rendered":"<p>Confira o gol que deu a vit\u00f3ria ao Fluminense por 1&#215;0 sobre o Corinthians. Narra\u00e7\u00e3o: Rener Lopes Gol do Fluminense &#8211; C\u00edcero &#8211; 17min\/2T<\/p>\n","protected":false},"author":1,"featured_media":646,"comment_status":"open","ping_status":"closed","sticky":false,"template":"","format":"standard","meta":{"footnotes":""},"categories":[24],"tags":[],"class_list":["post-2156","post","type-post","status-publish","format-standard","has-post-thumbnail","hentry","category-ebplay"],"_links":{"self":[{"href":"https:\/\/www.esportesbrasilia.com.br\/noticias\/wp-json\/wp\/v2\/posts\/2156","targetHints":{"allow":["GET"]}}],"collection":[{"href":"https:\/\/www.esportesbrasilia.com.br\/noticias\/wp-json\/wp\/v2\/posts"}],"about":[{"href":"https:\/\/www.esportesbrasilia.com.br\/noticias\/wp-json\/wp\/v2\/types\/post"}],"author":[{"embeddable":true,"href":"https:\/\/www.esportesbrasilia.com.br\/noticias\/wp-json\/wp\/v2\/users\/1"}],"replies":[{"embeddable":true,"href":"https:\/\/www.esportesbrasilia.com.br\/noticias\/wp-json\/wp\/v2\/comments?post=2156"}],"version-history":[{"count":1,"href":"https:\/\/www.esportesbrasilia.com.br\/noticias\/wp-json\/wp\/v2\/posts\/2156\/revisions"}],"predecessor-version":[{"id":2158,"href":"https:\/\/www.esportesbrasilia.com.br\/noticias\/wp-json\/wp\/v2\/posts\/2156\/revisions\/2158"}],"wp:featuredmedia":[{"embeddable":true,"href":"https:\/\/www.esportesbrasilia.com.br\/noticias\/wp-json\/wp\/v2\/media\/646"}],"wp:attachment":[{"href":"https:\/\/www.esportesbrasilia.com.br\/noticias\/wp-json\/wp\/v2\/media?parent=2156"}],"wp:term":[{"taxonomy":"category","embeddable":true,"href":"https:\/\/www.esportesbrasilia.com.br\/noticias\/wp-json\/wp\/v2\/categories?post=2156"},{"taxonomy":"post_tag","embeddable":true,"href":"https:\/\/www.esportesbrasilia.com.br\/noticias\/wp-json\/wp\/v2\/tags?post=2156"}],"curies":[{"name":"wp","href":"https:\/\/api.w.org\/{rel}","templated":true}]}}