{"id":2151,"date":"2016-06-16T00:01:27","date_gmt":"2016-06-16T03:01:27","guid":{"rendered":"http:\/\/www.esportesbrasilia.com.br\/noticias\/?p=2151"},"modified":"2016-06-18T00:07:09","modified_gmt":"2016-06-18T03:07:09","slug":"gols-abc-1x1-gama-audio","status":"publish","type":"post","link":"https:\/\/www.esportesbrasilia.com.br\/noticias\/ebplay\/gols-abc-1x1-gama-audio.html","title":{"rendered":"Gols &#8211; ABC 1&#215;1 Gama (\u00e1udio)"},"content":{"rendered":"<p>Confira os gols de ABC 1&#215;1 Gama, pela Copa do Brasil.<br \/>\nNarra\u00e7\u00e3o: Marcos Lopes (R\u00e1dio Globo Natal), em parceria com a\u00a0<strong>Esportes Bras\u00edlia<\/strong>.<\/p>\n<p><strong>Gol do ABC<\/strong> &#8211; Erivelton &#8211; 11min\/1T<\/p>\n<audio class=\"wp-audio-shortcode\" id=\"audio-2151-1\" preload=\"none\" style=\"width: 100%;\" controls=\"controls\"><source type=\"audio\/mpeg\" src=\"https:\/\/www.esportesbrasilia.com.br\/noticias\/wp-content\/uploads\/ABC-1-0.mp3?_=1\" \/><a href=\"https:\/\/www.esportesbrasilia.com.br\/noticias\/wp-content\/uploads\/ABC-1-0.mp3\">https:\/\/www.esportesbrasilia.com.br\/noticias\/wp-content\/uploads\/ABC-1-0.mp3<\/a><\/audio>\n<p><strong>Gol do Gama<\/strong> &#8211; Felipe Assis &#8211; 22min\/2T<\/p>\n<audio class=\"wp-audio-shortcode\" id=\"audio-2151-2\" preload=\"none\" style=\"width: 100%;\" controls=\"controls\"><source type=\"audio\/mpeg\" src=\"https:\/\/www.esportesbrasilia.com.br\/noticias\/wp-content\/uploads\/ABC-1-1.mp3?_=2\" \/><a href=\"https:\/\/www.esportesbrasilia.com.br\/noticias\/wp-content\/uploads\/ABC-1-1.mp3\">https:\/\/www.esportesbrasilia.com.br\/noticias\/wp-content\/uploads\/ABC-1-1.mp3<\/a><\/audio>\n<p><strong>\u00daltimo penalti marcado por F\u00e1bio Gama<\/strong> &#8211; Gama &#8211; Vit\u00f3ria nos p\u00eanaltis 4&#215;2<\/p>\n<audio class=\"wp-audio-shortcode\" id=\"audio-2151-3\" preload=\"none\" style=\"width: 100%;\" controls=\"controls\"><source type=\"audio\/mpeg\" src=\"https:\/\/www.esportesbrasilia.com.br\/noticias\/wp-content\/uploads\/Penaltis-Gama.mp3?_=3\" \/><a href=\"https:\/\/www.esportesbrasilia.com.br\/noticias\/wp-content\/uploads\/Penaltis-Gama.mp3\">https:\/\/www.esportesbrasilia.com.br\/noticias\/wp-content\/uploads\/Penaltis-Gama.mp3<\/a><\/audio>\n","protected":false},"excerpt":{"rendered":"<p>Confira os gols de ABC 1&#215;1 Gama, pela Copa do Brasil. Narra\u00e7\u00e3o: Marcos Lopes (R\u00e1dio Globo Natal), em parceria com a\u00a0Esportes Bras\u00edlia. Gol do ABC &#8211; Erivelton &#8211; 11min\/1T Gol do Gama &#8211; Felipe Assis &#8211; 22min\/2T \u00daltimo penalti marcado por F\u00e1bio Gama &#8211; Gama &#8211; Vit\u00f3ria nos p\u00eanaltis 4&#215;2<\/p>\n","protected":false},"author":1,"featured_media":646,"comment_status":"open","ping_status":"closed","sticky":false,"template":"","format":"standard","meta":{"footnotes":""},"categories":[24],"tags":[],"class_list":["post-2151","post","type-post","status-publish","format-standard","has-post-thumbnail","hentry","category-ebplay"],"_links":{"self":[{"href":"https:\/\/www.esportesbrasilia.com.br\/noticias\/wp-json\/wp\/v2\/posts\/2151","targetHints":{"allow":["GET"]}}],"collection":[{"href":"https:\/\/www.esportesbrasilia.com.br\/noticias\/wp-json\/wp\/v2\/posts"}],"about":[{"href":"https:\/\/www.esportesbrasilia.com.br\/noticias\/wp-json\/wp\/v2\/types\/post"}],"author":[{"embeddable":true,"href":"https:\/\/www.esportesbrasilia.com.br\/noticias\/wp-json\/wp\/v2\/users\/1"}],"replies":[{"embeddable":true,"href":"https:\/\/www.esportesbrasilia.com.br\/noticias\/wp-json\/wp\/v2\/comments?post=2151"}],"version-history":[{"count":1,"href":"https:\/\/www.esportesbrasilia.com.br\/noticias\/wp-json\/wp\/v2\/posts\/2151\/revisions"}],"predecessor-version":[{"id":2155,"href":"https:\/\/www.esportesbrasilia.com.br\/noticias\/wp-json\/wp\/v2\/posts\/2151\/revisions\/2155"}],"wp:featuredmedia":[{"embeddable":true,"href":"https:\/\/www.esportesbrasilia.com.br\/noticias\/wp-json\/wp\/v2\/media\/646"}],"wp:attachment":[{"href":"https:\/\/www.esportesbrasilia.com.br\/noticias\/wp-json\/wp\/v2\/media?parent=2151"}],"wp:term":[{"taxonomy":"category","embeddable":true,"href":"https:\/\/www.esportesbrasilia.com.br\/noticias\/wp-json\/wp\/v2\/categories?post=2151"},{"taxonomy":"post_tag","embeddable":true,"href":"https:\/\/www.esportesbrasilia.com.br\/noticias\/wp-json\/wp\/v2\/tags?post=2151"}],"curies":[{"name":"wp","href":"https:\/\/api.w.org\/{rel}","templated":true}]}}