{"id":21470,"date":"2022-04-13T09:29:05","date_gmt":"2022-04-13T12:29:05","guid":{"rendered":"https:\/\/www.esportesbrasilia.com.br\/noticias\/?p=21470"},"modified":"2022-04-13T09:29:06","modified_gmt":"2022-04-13T12:29:06","slug":"brasiliense-busca-reforcos-no-adversario-do-titulo-candango","status":"publish","type":"post","link":"https:\/\/www.esportesbrasilia.com.br\/noticias\/futebol\/brasiliense-busca-reforcos-no-adversario-do-titulo-candango.html","title":{"rendered":"Brasiliense busca refor\u00e7os no advers\u00e1rio do t\u00edtulo candango"},"content":{"rendered":"\n<p>O Brasiliense \u00e9 conhecido por contratar refor\u00e7os que se destacam no futebol candango. Em anos passados, o Gama foi um dos clubes que perdeu muitos atletas para o arquirrival.\u00a0<\/p>\n\n\n\n<p>Neste 2022, o Ceil\u00e2ndia acabou sendo o alvo do Jacar\u00e9, logo ap\u00f3s o encerramento do 47\u00ba Campeonato Brasiliense de Futebol. Os meio campistas Gabriel Henrique,\u00a0Tarta e Cabralzinho deixaram o Gato Preto, percorreram a dist\u00e2ncia de tr\u00eas quil\u00f4metros e desembarcaram no est\u00e1dio Serej\u00e3o, em Taguatinga, casa do Brasiliense.\u00a0<\/p>\n\n\n\n<p>Em contrapartida, conforme o Boletim Informativo Di\u00e1rio (BID), da CBF, os atletas Tiago Lu\u00eds e Matheus Silva tiveram os contratos encerrados com o jacar\u00e9 brasiliense. Quem retornou do empr\u00e9stimo ao Cambori\u00fa, em Santa Catarina, foi o atacante J\u00e9ferson Maranh\u00e3o.<\/p>\n\n\n\n<p>J\u00e1 Wagner Balotelli, que tamb\u00e9m estava no Cambori\u00fa, foi anunciado como refor\u00e7o do Brusque\/SC, equipe que est\u00e1 disputando a s\u00e9rie B do brasileiro.\u00a0<\/p>\n\n\n\n<p>O Brasiliense, do t\u00e9cnico Celso Teixeira, estreia na s\u00e9rie D do brasileiro no pr\u00f3ximo domingo, em An\u00e1polis\/GO, diante dos donos da casa. No dia 20 de abril, ser\u00e1 o confronto pela terceira fase da Copa do Brasil, em Belo Horizonte\/MG, diante do poderoso Atl\u00e9tico Mineiro.\u00a0\u00a0\u00a0<\/p>\n","protected":false},"excerpt":{"rendered":"<p>O Brasiliense \u00e9 conhecido por contratar refor\u00e7os que se destacam no futebol candango. Em anos passados, o Gama foi um dos clubes que perdeu muitos atletas para o arquirrival.\u00a0 Neste 2022, o Ceil\u00e2ndia acabou sendo o alvo do Jacar\u00e9, logo ap\u00f3s o encerramento do 47\u00ba Campeonato Brasiliense de Futebol. Os meio campistas Gabriel Henrique,\u00a0Tarta e [&hellip;]<\/p>\n","protected":false},"author":7,"featured_media":11591,"comment_status":"closed","ping_status":"closed","sticky":false,"template":"","format":"standard","meta":{"footnotes":""},"categories":[8],"tags":[34,788,934],"class_list":["post-21470","post","type-post","status-publish","format-standard","has-post-thumbnail","hentry","category-futebol","tag-brasiliense","tag-bse","tag-serie-d-2022"],"_links":{"self":[{"href":"https:\/\/www.esportesbrasilia.com.br\/noticias\/wp-json\/wp\/v2\/posts\/21470","targetHints":{"allow":["GET"]}}],"collection":[{"href":"https:\/\/www.esportesbrasilia.com.br\/noticias\/wp-json\/wp\/v2\/posts"}],"about":[{"href":"https:\/\/www.esportesbrasilia.com.br\/noticias\/wp-json\/wp\/v2\/types\/post"}],"author":[{"embeddable":true,"href":"https:\/\/www.esportesbrasilia.com.br\/noticias\/wp-json\/wp\/v2\/users\/7"}],"replies":[{"embeddable":true,"href":"https:\/\/www.esportesbrasilia.com.br\/noticias\/wp-json\/wp\/v2\/comments?post=21470"}],"version-history":[{"count":1,"href":"https:\/\/www.esportesbrasilia.com.br\/noticias\/wp-json\/wp\/v2\/posts\/21470\/revisions"}],"predecessor-version":[{"id":21471,"href":"https:\/\/www.esportesbrasilia.com.br\/noticias\/wp-json\/wp\/v2\/posts\/21470\/revisions\/21471"}],"wp:featuredmedia":[{"embeddable":true,"href":"https:\/\/www.esportesbrasilia.com.br\/noticias\/wp-json\/wp\/v2\/media\/11591"}],"wp:attachment":[{"href":"https:\/\/www.esportesbrasilia.com.br\/noticias\/wp-json\/wp\/v2\/media?parent=21470"}],"wp:term":[{"taxonomy":"category","embeddable":true,"href":"https:\/\/www.esportesbrasilia.com.br\/noticias\/wp-json\/wp\/v2\/categories?post=21470"},{"taxonomy":"post_tag","embeddable":true,"href":"https:\/\/www.esportesbrasilia.com.br\/noticias\/wp-json\/wp\/v2\/tags?post=21470"}],"curies":[{"name":"wp","href":"https:\/\/api.w.org\/{rel}","templated":true}]}}