{"id":21464,"date":"2022-04-12T11:34:45","date_gmt":"2022-04-12T14:34:45","guid":{"rendered":"https:\/\/www.esportesbrasilia.com.br\/noticias\/?p=21464"},"modified":"2022-04-12T11:36:05","modified_gmt":"2022-04-12T14:36:05","slug":"destaques-do-candangao-deixam-o-ceilandia-e-podem-ser-anunciados-no-rival","status":"publish","type":"post","link":"https:\/\/www.esportesbrasilia.com.br\/noticias\/futebol\/destaques-do-candangao-deixam-o-ceilandia-e-podem-ser-anunciados-no-rival.html","title":{"rendered":"Destaques do Candang\u00e3o deixam o Ceil\u00e2ndia e podem ser anunciados no rival"},"content":{"rendered":"\n<p>Dois jogadores deixaram o Ceil\u00e2ndia ap\u00f3s a entrega do trof\u00e9u Melhores do Candang\u00e3o, realizado na \u00faltima segunda-feira (11), numa promo\u00e7\u00e3o da Federa\u00e7\u00e3o de Futebol do Distrito Federal e da Associa\u00e7\u00e3o Brasiliense de Cronistas Desportivos.<\/p>\n\n\n\n<p>O meia-atacante Cabralzinho e o volante Tarta n\u00e3o vestir\u00e3o mais a camisa do Gato Preto. O contrato de Cabralzinho, inclusive, j\u00e1 consta como rescindido no Boletim Informativo Di\u00e1rio da CBF.<\/p>\n\n\n\n<p>A reportagem da <strong>Esportes Bras\u00edlia<\/strong> tenta falar com o volante desde o fim da noite da \u00faltima segunda-feira, uma vez que ele, inclusive, n\u00e3o compareceu \u00e0 premia\u00e7\u00e3o m\u00e1xima do futebol candango, realizada num restaurante do Lago Sul.<\/p>\n\n\n\n<p>No entanto, fontes afirmaram \u00e0 reportagem da <strong>EB<\/strong> que o destino dos dois jogadores pode ser o Brasiliense, time que tamb\u00e9m jogar\u00e1 a S\u00e9rie D em 2022.<\/p>\n\n\n\n<p>Al\u00e9m de Tarta e Cabralzinho, quem tamb\u00e9m deixou o Gato Preto foi o volante Gabriel Henrique, que acertou com o Vila Nova\/GO para jogar o Brasileir\u00e3o S\u00e9rie B.<\/p>\n\n\n\n<p>O Ceil\u00e2ndia estreia no Brasileir\u00e3o S\u00e9rie D diante do Costa Rica\/MS neste domingo (17), \u00e0s 15h, no est\u00e1dio Abadi\u00e3o, com transmiss\u00e3o da <strong>EB<\/strong>.<\/p>\n","protected":false},"excerpt":{"rendered":"<p>Dois jogadores deixaram o Ceil\u00e2ndia ap\u00f3s a entrega do trof\u00e9u Melhores do Candang\u00e3o, realizado na \u00faltima segunda-feira (11), numa promo\u00e7\u00e3o da Federa\u00e7\u00e3o de Futebol do Distrito Federal e da Associa\u00e7\u00e3o Brasiliense de Cronistas Desportivos. O meia-atacante Cabralzinho e o volante Tarta n\u00e3o vestir\u00e3o mais a camisa do Gato Preto. O contrato de Cabralzinho, inclusive, j\u00e1 [&hellip;]<\/p>\n","protected":false},"author":2,"featured_media":8425,"comment_status":"closed","ping_status":"closed","sticky":false,"template":"","format":"standard","meta":{"footnotes":""},"categories":[8],"tags":[801,251,934],"class_list":["post-21464","post","type-post","status-publish","format-standard","has-post-thumbnail","hentry","category-futebol","tag-cei","tag-ceilandia-2","tag-serie-d-2022"],"_links":{"self":[{"href":"https:\/\/www.esportesbrasilia.com.br\/noticias\/wp-json\/wp\/v2\/posts\/21464","targetHints":{"allow":["GET"]}}],"collection":[{"href":"https:\/\/www.esportesbrasilia.com.br\/noticias\/wp-json\/wp\/v2\/posts"}],"about":[{"href":"https:\/\/www.esportesbrasilia.com.br\/noticias\/wp-json\/wp\/v2\/types\/post"}],"author":[{"embeddable":true,"href":"https:\/\/www.esportesbrasilia.com.br\/noticias\/wp-json\/wp\/v2\/users\/2"}],"replies":[{"embeddable":true,"href":"https:\/\/www.esportesbrasilia.com.br\/noticias\/wp-json\/wp\/v2\/comments?post=21464"}],"version-history":[{"count":2,"href":"https:\/\/www.esportesbrasilia.com.br\/noticias\/wp-json\/wp\/v2\/posts\/21464\/revisions"}],"predecessor-version":[{"id":21466,"href":"https:\/\/www.esportesbrasilia.com.br\/noticias\/wp-json\/wp\/v2\/posts\/21464\/revisions\/21466"}],"wp:featuredmedia":[{"embeddable":true,"href":"https:\/\/www.esportesbrasilia.com.br\/noticias\/wp-json\/wp\/v2\/media\/8425"}],"wp:attachment":[{"href":"https:\/\/www.esportesbrasilia.com.br\/noticias\/wp-json\/wp\/v2\/media?parent=21464"}],"wp:term":[{"taxonomy":"category","embeddable":true,"href":"https:\/\/www.esportesbrasilia.com.br\/noticias\/wp-json\/wp\/v2\/categories?post=21464"},{"taxonomy":"post_tag","embeddable":true,"href":"https:\/\/www.esportesbrasilia.com.br\/noticias\/wp-json\/wp\/v2\/tags?post=21464"}],"curies":[{"name":"wp","href":"https:\/\/api.w.org\/{rel}","templated":true}]}}