{"id":21010,"date":"2022-02-01T11:19:53","date_gmt":"2022-02-01T14:19:53","guid":{"rendered":"https:\/\/www.esportesbrasilia.com.br\/noticias\/?p=21010"},"modified":"2022-02-01T11:23:21","modified_gmt":"2022-02-01T14:23:21","slug":"supercopa-do-brasil-nao-sera-mais-realizada-em-brasilia","status":"publish","type":"post","link":"https:\/\/www.esportesbrasilia.com.br\/noticias\/futebol\/supercopa-do-brasil-nao-sera-mais-realizada-em-brasilia.html","title":{"rendered":"SuperCopa do Brasil n\u00e3o ser\u00e1 mais realizada em Bras\u00edlia"},"content":{"rendered":"\n<p>A proibi\u00e7\u00e3o de p\u00fablico em eventos esportivos, decretada pelo governador Ibaneis Rocha, na semana passada, fez com que dois jogos envolvendo cariocas n\u00e3o sejam mais disputados aqui na capital federal.<\/p>\n\n\n\n<p>Depois do FlaFlu, marcado para o pr\u00f3ximo dia 06 de fevereiro, ser transferido para o est\u00e1dio Nilton Santos, no Rio de Janeiro\/RJ, a Supercopa do Brasil, que est\u00e1 confirmada para o dia 20 de fevereiro, tamb\u00e9m n\u00e3o acontecer\u00e1 no est\u00e1dio Nacional Man\u00e9 Garrincha.<\/p>\n\n\n\n<p>A informa\u00e7\u00e3o foi confirmada pelo presidente da FFDF, Daniel Vasconcelos, durante o programa <em>T\u00e1 na Rede<\/em> da <em>TV C\u00e2mara Distrital<\/em>. &#8220;Assim que as autoridades entenderem que for o momento certo, a gente volta com o p\u00fablico&#8221;, disse o dirigente, em rela\u00e7\u00e3o a volta dos torcedores at\u00e9 mesmo em partidas do Candang\u00e3o.<\/p>\n\n\n\n<p>Ainda segundo Daniel, n\u00e3o h\u00e1 um local definido para acontecer o jogo entre Atl\u00e9tico\/MG e Flamengo, uma vez que a CBF pretende colocar a partida em um local onde o p\u00fablico possa acompanhar a disputa.<\/p>\n","protected":false},"excerpt":{"rendered":"<p>A proibi\u00e7\u00e3o de p\u00fablico em eventos esportivos, decretada pelo governador Ibaneis Rocha, na semana passada, fez com que dois jogos envolvendo cariocas n\u00e3o sejam mais disputados aqui na capital federal. Depois do FlaFlu, marcado para o pr\u00f3ximo dia 06 de fevereiro, ser transferido para o est\u00e1dio Nilton Santos, no Rio de Janeiro\/RJ, a Supercopa do [&hellip;]<\/p>\n","protected":false},"author":2,"featured_media":18878,"comment_status":"closed","ping_status":"closed","sticky":false,"template":"","format":"standard","meta":{"footnotes":""},"categories":[8],"tags":[],"class_list":["post-21010","post","type-post","status-publish","format-standard","has-post-thumbnail","hentry","category-futebol"],"_links":{"self":[{"href":"https:\/\/www.esportesbrasilia.com.br\/noticias\/wp-json\/wp\/v2\/posts\/21010","targetHints":{"allow":["GET"]}}],"collection":[{"href":"https:\/\/www.esportesbrasilia.com.br\/noticias\/wp-json\/wp\/v2\/posts"}],"about":[{"href":"https:\/\/www.esportesbrasilia.com.br\/noticias\/wp-json\/wp\/v2\/types\/post"}],"author":[{"embeddable":true,"href":"https:\/\/www.esportesbrasilia.com.br\/noticias\/wp-json\/wp\/v2\/users\/2"}],"replies":[{"embeddable":true,"href":"https:\/\/www.esportesbrasilia.com.br\/noticias\/wp-json\/wp\/v2\/comments?post=21010"}],"version-history":[{"count":2,"href":"https:\/\/www.esportesbrasilia.com.br\/noticias\/wp-json\/wp\/v2\/posts\/21010\/revisions"}],"predecessor-version":[{"id":21012,"href":"https:\/\/www.esportesbrasilia.com.br\/noticias\/wp-json\/wp\/v2\/posts\/21010\/revisions\/21012"}],"wp:featuredmedia":[{"embeddable":true,"href":"https:\/\/www.esportesbrasilia.com.br\/noticias\/wp-json\/wp\/v2\/media\/18878"}],"wp:attachment":[{"href":"https:\/\/www.esportesbrasilia.com.br\/noticias\/wp-json\/wp\/v2\/media?parent=21010"}],"wp:term":[{"taxonomy":"category","embeddable":true,"href":"https:\/\/www.esportesbrasilia.com.br\/noticias\/wp-json\/wp\/v2\/categories?post=21010"},{"taxonomy":"post_tag","embeddable":true,"href":"https:\/\/www.esportesbrasilia.com.br\/noticias\/wp-json\/wp\/v2\/tags?post=21010"}],"curies":[{"name":"wp","href":"https:\/\/api.w.org\/{rel}","templated":true}]}}