{"id":20931,"date":"2022-01-27T10:39:37","date_gmt":"2022-01-27T13:39:37","guid":{"rendered":"https:\/\/www.esportesbrasilia.com.br\/noticias\/?p=20931"},"modified":"2022-01-27T10:39:38","modified_gmt":"2022-01-27T13:39:38","slug":"apos-inicio-avassalador-unai-cede-empate-ao-brasilia","status":"publish","type":"post","link":"https:\/\/www.esportesbrasilia.com.br\/noticias\/futebol\/apos-inicio-avassalador-unai-cede-empate-ao-brasilia.html","title":{"rendered":"Ap\u00f3s in\u00edcio avassalador, Una\u00ed cede empate ao Bras\u00edlia"},"content":{"rendered":"\n<p><strong>Foto: Julio C\u00e9sar Silva\/Ag\u00eancia EB<\/strong><\/p>\n\n\n\n<p>Pela segunda rodada do Candang\u00e3o 2022, Bras\u00edlia e Una\u00ed ficaram no empate, no est\u00e1dio Defel\u00ea. O Colorado chegou a quatro pontos na competi\u00e7\u00e3o e se mant\u00e9m na segunda posi\u00e7\u00e3o. J\u00e1 o Verd\u00e3o da Serra soma o primeiro ponto e sobe na tabela.<\/p>\n\n\n\n<p>A etapa inicial come\u00e7ou animada. Com o Una\u00ed pressionando o time da casa com sua marca\u00e7\u00e3o com linhas altas, logo aos cinco minutos, em uma bola lan\u00e7ada ao ataque, Matheus Falero botou na frente e bateu na sa\u00edda Roger Kath abrindo o placar para os mineiros.<\/p>\n\n\n\n<p>E n\u00e3o parou por a\u00ed. Em cobran\u00e7a de escanteio curta, Jo\u00e3o Carlos dominou na esquerda e tentou a batida pro gol, mas a bola resvalou no bra\u00e7o do zagueiro Tairone, infra\u00e7\u00e3o marcada. P\u00eanalti marcado e convertido por Marcus Vinicius aos nove minutos do primeiro tempo.<\/p>\n\n\n\n<p>O time da casa sentiu o golpe e o Verd\u00e3o da Serra continuou atacando e tendo boas chances. Diogo Peixoto, aos 19 minutos, e Marcus Vinicius, aos 23, quase marcaram o terceiro da equipe do t\u00e9cnico Guiba.<\/p>\n\n\n\n<p>Ap\u00f3s a parada t\u00e9cnica, o Colorado melhorou mas ainda n\u00e3o empolgava. Por\u00e9m, um dos melhores jogadores advers\u00e1rios, Falero, se machucou no fim do primeiro tempo, sendo substitu\u00eddo por Oscar. Com isso, o Bras\u00edlia se animou e descontou no \u00faltimo lance, em cobran\u00e7a de escanteio, no bate rebate, Matheus Johnson bota pra rede.<\/p>\n\n\n\n<p>Faltando um gol para empatar, o time de Luiz Carlos come\u00e7ou a etapa final em cima do advers\u00e1rio. Com a entrada de Titico, o time ficou mais veloz pelo lado esquerdo.<\/p>\n\n\n\n<p>E logo aos oito, a briga deu certo, em boa jogada de Leandro, o camisa 9 cruzou pra \u00e1rea e Julio acabou jogando contra as pr\u00f3prias redes. Jogo empatado.<\/p>\n\n\n\n<p>A partir da\u00ed, o time da casa martelou o Una\u00ed, com duas chances de Titico e uma de Leandro. A bola teimava em n\u00e3o entrar. Entretanto, com o forte calor, as equipes cansaram e o empate persistiu.<\/p>\n\n\n\n<p>O Bras\u00edlia pega o Ceil\u00e2ndia, fora de casa, no pr\u00f3ximo s\u00e1bado (29). J\u00e1 o Una\u00ed, volta a jogar no Urbano Adjuto, contra o Luzi\u00e2nia, domingo (30).<\/p>\n\n\n\n<p class=\"has-text-align-center\"><strong>CAMPEONATO CANDANGO \u2013 1\u00aa FASE \u2013 2\u00aa RODADA<br>BRAS\u00cdLIA 2-2 UNA\u00cd<br>26.01.22 \u2013 EST\u00c1DIO DEFEL\u00ca \u2013 VILA PLANALTO\/DF<\/strong><\/p>\n\n\n\n<p>\u00c1rbitro: Matheus Moraes<br>Assistente 1: Kleber Alves<br>Assistente 2: Marconi Souza<br>Quarto \u00c1rbitro: Maricl\u00e9ber G\u00f3is<\/p>\n\n\n\n<p><strong>Gols:<\/strong><br>Aos cinco e aos nove do 1\u00ba tempo, Falero e Marcus Vinicius (Una\u00ed); Aos 49 minutos do 1\u00ba tempo e aos 8 do 2\u00ba tempo , Johnson e Julio (contra) (Bras\u00edlia)<\/p>\n\n\n\n<p><strong>Cart\u00f5es Amarelos:<\/strong><br>Matheus Rocha, Johnson, Jo\u00e3o A. (Bras\u00edlia )<br>Jo\u00e3o de Deus, Vidal, Peixoto (Una\u00ed)<\/p>\n\n\n\n<p><strong>BRAS\u00cdLIA<\/strong><br>Roger Kath; Adilson (Titico); Tairone; Vinicius Machado; Dadinho; Matheus Rocha; Ian Carlos; Johnson; Leandro; Lucas (Jo\u00e3o A.); Willian (Erick)<br>T\u00e9cnico: Luiz Carlos Souza<\/p>\n\n\n\n<p><strong>UNA\u00cd<\/strong><br>Edson; Lucas Arinos; Julio; Vidal; Vinicius; Marcus Vinicius; Akin; Peixoto; Jo\u00e3o de Deus (Kennedy); Gabriel Almeida; Matheus Falero (Oscar) (Felipinho) (Micael)<br>T\u00e9cnico: Guiba<\/p>\n","protected":false},"excerpt":{"rendered":"<p>Foto: Julio C\u00e9sar Silva\/Ag\u00eancia EB Pela segunda rodada do Candang\u00e3o 2022, Bras\u00edlia e Una\u00ed ficaram no empate, no est\u00e1dio Defel\u00ea. O Colorado chegou a quatro pontos na competi\u00e7\u00e3o e se mant\u00e9m na segunda posi\u00e7\u00e3o. J\u00e1 o Verd\u00e3o da Serra soma o primeiro ponto e sobe na tabela. A etapa inicial come\u00e7ou animada. Com o Una\u00ed [&hellip;]<\/p>\n","protected":false},"author":47,"featured_media":20932,"comment_status":"closed","ping_status":"closed","sticky":false,"template":"","format":"standard","meta":{"footnotes":""},"categories":[8],"tags":[828,797,857,790,822],"class_list":["post-20931","post","type-post","status-publish","format-standard","has-post-thumbnail","hentry","category-futebol","tag-bra","tag-brasilia-2","tag-brasilia-x-unai","tag-una","tag-unai-2"],"_links":{"self":[{"href":"https:\/\/www.esportesbrasilia.com.br\/noticias\/wp-json\/wp\/v2\/posts\/20931","targetHints":{"allow":["GET"]}}],"collection":[{"href":"https:\/\/www.esportesbrasilia.com.br\/noticias\/wp-json\/wp\/v2\/posts"}],"about":[{"href":"https:\/\/www.esportesbrasilia.com.br\/noticias\/wp-json\/wp\/v2\/types\/post"}],"author":[{"embeddable":true,"href":"https:\/\/www.esportesbrasilia.com.br\/noticias\/wp-json\/wp\/v2\/users\/47"}],"replies":[{"embeddable":true,"href":"https:\/\/www.esportesbrasilia.com.br\/noticias\/wp-json\/wp\/v2\/comments?post=20931"}],"version-history":[{"count":1,"href":"https:\/\/www.esportesbrasilia.com.br\/noticias\/wp-json\/wp\/v2\/posts\/20931\/revisions"}],"predecessor-version":[{"id":20933,"href":"https:\/\/www.esportesbrasilia.com.br\/noticias\/wp-json\/wp\/v2\/posts\/20931\/revisions\/20933"}],"wp:featuredmedia":[{"embeddable":true,"href":"https:\/\/www.esportesbrasilia.com.br\/noticias\/wp-json\/wp\/v2\/media\/20932"}],"wp:attachment":[{"href":"https:\/\/www.esportesbrasilia.com.br\/noticias\/wp-json\/wp\/v2\/media?parent=20931"}],"wp:term":[{"taxonomy":"category","embeddable":true,"href":"https:\/\/www.esportesbrasilia.com.br\/noticias\/wp-json\/wp\/v2\/categories?post=20931"},{"taxonomy":"post_tag","embeddable":true,"href":"https:\/\/www.esportesbrasilia.com.br\/noticias\/wp-json\/wp\/v2\/tags?post=20931"}],"curies":[{"name":"wp","href":"https:\/\/api.w.org\/{rel}","templated":true}]}}