{"id":20851,"date":"2022-01-20T12:51:39","date_gmt":"2022-01-20T15:51:39","guid":{"rendered":"https:\/\/www.esportesbrasilia.com.br\/noticias\/?p=20851"},"modified":"2022-01-20T12:52:21","modified_gmt":"2022-01-20T15:52:21","slug":"brasilia-confirma-estadio-para-estrear-como-mandante-no-candangao-2022","status":"publish","type":"post","link":"https:\/\/www.esportesbrasilia.com.br\/noticias\/futebol\/brasilia-confirma-estadio-para-estrear-como-mandante-no-candangao-2022.html","title":{"rendered":"Bras\u00edlia confirma est\u00e1dio para estrear como mandante no Candang\u00e3o 2022"},"content":{"rendered":"\n<p>O Bras\u00edlia Futebol Clube j\u00e1 tem uma sede definida para a segunda rodada do Candang\u00e3o 2022. A equipe vai atuar como mandante no est\u00e1dio Ciro Machado, na Vila Planalto.<\/p>\n\n\n\n<p>A estreia no est\u00e1dio do antigo Departamento de For\u00e7a e Luz, o Defel\u00ea, ser\u00e1 na pr\u00f3xima quarta-feira (26), \u00e0s 15h30, diante do Una\u00ed.<\/p>\n\n\n\n<div class=\"wp-block-image\"><figure class=\"aligncenter size-large\"><img loading=\"lazy\" decoding=\"async\" width=\"1024\" height=\"576\" src=\"https:\/\/www.esportesbrasilia.com.br\/noticias\/wp-content\/uploads\/estadiodefele_2-1024x576.jpg\" alt=\"\" class=\"wp-image-13224\" srcset=\"https:\/\/www.esportesbrasilia.com.br\/noticias\/wp-content\/uploads\/estadiodefele_2-1024x576.jpg 1024w, https:\/\/www.esportesbrasilia.com.br\/noticias\/wp-content\/uploads\/estadiodefele_2-300x169.jpg 300w, https:\/\/www.esportesbrasilia.com.br\/noticias\/wp-content\/uploads\/estadiodefele_2-768x432.jpg 768w, https:\/\/www.esportesbrasilia.com.br\/noticias\/wp-content\/uploads\/estadiodefele_2-696x392.jpg 696w, https:\/\/www.esportesbrasilia.com.br\/noticias\/wp-content\/uploads\/estadiodefele_2-1068x601.jpg 1068w, https:\/\/www.esportesbrasilia.com.br\/noticias\/wp-content\/uploads\/estadiodefele_2-747x420.jpg 747w, https:\/\/www.esportesbrasilia.com.br\/noticias\/wp-content\/uploads\/estadiodefele_2.jpg 1280w\" sizes=\"auto, (max-width: 1024px) 100vw, 1024px\" \/><figcaption>Foto: Divulga\u00e7\u00e3o\/Real Bras\u00edlia<\/figcaption><\/figure><\/div>\n\n\n\n<p>A informa\u00e7\u00e3o j\u00e1 foi publicada no site oficial da Federa\u00e7\u00e3o de Futebol do Distrito Federal. No entanto, para a quarta rodada, diante do Brasiliense, no dia 02 de fevereiro, o local ainda n\u00e3o foi definido.<\/p>\n","protected":false},"excerpt":{"rendered":"<p>O Bras\u00edlia Futebol Clube j\u00e1 tem uma sede definida para a segunda rodada do Candang\u00e3o 2022. A equipe vai atuar como mandante no est\u00e1dio Ciro Machado, na Vila Planalto. A estreia no est\u00e1dio do antigo Departamento de For\u00e7a e Luz, o Defel\u00ea, ser\u00e1 na pr\u00f3xima quarta-feira (26), \u00e0s 15h30, diante do Una\u00ed. A informa\u00e7\u00e3o j\u00e1 [&hellip;]<\/p>\n","protected":false},"author":2,"featured_media":14894,"comment_status":"closed","ping_status":"closed","sticky":false,"template":"","format":"standard","meta":{"footnotes":""},"categories":[8],"tags":[828,797,792,790,822],"class_list":["post-20851","post","type-post","status-publish","format-standard","has-post-thumbnail","hentry","category-futebol","tag-bra","tag-brasilia-2","tag-candangao-2022","tag-una","tag-unai-2"],"_links":{"self":[{"href":"https:\/\/www.esportesbrasilia.com.br\/noticias\/wp-json\/wp\/v2\/posts\/20851","targetHints":{"allow":["GET"]}}],"collection":[{"href":"https:\/\/www.esportesbrasilia.com.br\/noticias\/wp-json\/wp\/v2\/posts"}],"about":[{"href":"https:\/\/www.esportesbrasilia.com.br\/noticias\/wp-json\/wp\/v2\/types\/post"}],"author":[{"embeddable":true,"href":"https:\/\/www.esportesbrasilia.com.br\/noticias\/wp-json\/wp\/v2\/users\/2"}],"replies":[{"embeddable":true,"href":"https:\/\/www.esportesbrasilia.com.br\/noticias\/wp-json\/wp\/v2\/comments?post=20851"}],"version-history":[{"count":1,"href":"https:\/\/www.esportesbrasilia.com.br\/noticias\/wp-json\/wp\/v2\/posts\/20851\/revisions"}],"predecessor-version":[{"id":20852,"href":"https:\/\/www.esportesbrasilia.com.br\/noticias\/wp-json\/wp\/v2\/posts\/20851\/revisions\/20852"}],"wp:featuredmedia":[{"embeddable":true,"href":"https:\/\/www.esportesbrasilia.com.br\/noticias\/wp-json\/wp\/v2\/media\/14894"}],"wp:attachment":[{"href":"https:\/\/www.esportesbrasilia.com.br\/noticias\/wp-json\/wp\/v2\/media?parent=20851"}],"wp:term":[{"taxonomy":"category","embeddable":true,"href":"https:\/\/www.esportesbrasilia.com.br\/noticias\/wp-json\/wp\/v2\/categories?post=20851"},{"taxonomy":"post_tag","embeddable":true,"href":"https:\/\/www.esportesbrasilia.com.br\/noticias\/wp-json\/wp\/v2\/tags?post=20851"}],"curies":[{"name":"wp","href":"https:\/\/api.w.org\/{rel}","templated":true}]}}