{"id":2082,"date":"2016-06-10T23:29:34","date_gmt":"2016-06-11T02:29:34","guid":{"rendered":"http:\/\/www.esportesbrasilia.com.br\/noticias\/?p=2082"},"modified":"2016-06-10T23:42:25","modified_gmt":"2016-06-11T02:42:25","slug":"clube-vizinhanca-volta-as-quadras-de-olho-em-vaga-na-liga-ouro","status":"publish","type":"post","link":"https:\/\/www.esportesbrasilia.com.br\/noticias\/basquete\/clube-vizinhanca-volta-as-quadras-de-olho-em-vaga-na-liga-ouro.html","title":{"rendered":"Clube Vizinhan\u00e7a volta \u00e0s quadras de olho em vaga na Liga Ouro"},"content":{"rendered":"<p><em>Fonte: Confedera\u00e7\u00e3o Brasileira de Basquete<\/em><\/p>\n<p>&#8220;Preparados para vencer&#8221;. \u00c9 com esse lema que a equipe do Clube Vizinhan\u00e7a vai disputar a Supercopa Brasil 2016, na Arena Multiuso de Brusque\/SC. O time da capital federal far\u00e1 a a primeira partida contra o Am\u00e9rica\/SP\u00a0na pr\u00f3xima ter\u00e7a-feira (14), \u00e0s 16h.<\/p>\n<p>Uma das pe\u00e7as mais conhecidas do atual elenco, o ala-piv\u00f4 Guilherme Passos, famoso por uma forte marca\u00e7\u00e3o e bons arremessos de tr\u00eas pontos, espera repetir o passado vitorioso que teve ao ser campe\u00e3o da Copa Brasil Centro-Oeste, em 2015.<\/p>\n<p>\u201cTemos tudo para fazer um grande campeonato. A Copa Regional foi \u00f3tima e queremos repetir esse feito na Supercopa. Pretendo jogar dentro do garraf\u00e3o, de maneira mais t\u00e9cnica e sempre evitando os erros. Apostar nas bolas de tr\u00eas e sempre acreditar na vit\u00f3ria\u201d, contou Guilherme.<\/p>\n<p>A equipe do Clube Vizinhan\u00e7a conquistou esse ano o t\u00edtulo da Copa Brasil Centro-Oeste ao superar o Filad\u00e9lfia Basquete por 72&#215;62. O t\u00e9cnico Marco Carvalho manteve a mesma base que atuou em 2015.<\/p>\n<p>\u201cPosso afirmar que a nossa equipe tem um \u00fanico objetivo: subir ao p\u00f3dio. O nosso time se empenhou ao m\u00e1ximo na disputa da Copa Centro-Oeste. E sa\u00edmos de l\u00e1 com a medalha. Isso tem sido o nosso maior incentivo. Acreditamos que o treinamento tem deixado a equipe com uma transi\u00e7\u00e3o cada vez mais forte e um jogo de marca\u00e7\u00e3o muito bom. S\u00e3o duas armas que podemos contar dentro de quadra para subir no p\u00f3dio desse torneio\u201d, finalizou o treinador.<\/p>\n<div id=\"attachment_2083\" style=\"width: 650px\" class=\"wp-caption aligncenter\"><img loading=\"lazy\" decoding=\"async\" aria-describedby=\"caption-attachment-2083\" class=\"wp-image-2083 size-large\" src=\"https:\/\/www.esportesbrasilia.com.br\/noticias\/wp-content\/uploads\/marcoaurelio_fc-1024x683.jpg\" alt=\"\" width=\"640\" height=\"427\" srcset=\"https:\/\/www.esportesbrasilia.com.br\/noticias\/wp-content\/uploads\/marcoaurelio_fc-1024x683.jpg 1024w, https:\/\/www.esportesbrasilia.com.br\/noticias\/wp-content\/uploads\/marcoaurelio_fc-300x200.jpg 300w, https:\/\/www.esportesbrasilia.com.br\/noticias\/wp-content\/uploads\/marcoaurelio_fc-768x512.jpg 768w, https:\/\/www.esportesbrasilia.com.br\/noticias\/wp-content\/uploads\/marcoaurelio_fc-696x464.jpg 696w, https:\/\/www.esportesbrasilia.com.br\/noticias\/wp-content\/uploads\/marcoaurelio_fc-1068x712.jpg 1068w, https:\/\/www.esportesbrasilia.com.br\/noticias\/wp-content\/uploads\/marcoaurelio_fc-630x420.jpg 630w\" sizes=\"auto, (max-width: 640px) 100vw, 640px\" \/><p id=\"caption-attachment-2083\" class=\"wp-caption-text\">Marco Carvalho treinou o Bras\u00edlia\/Basquete Vizi em 2014 e treinar\u00e1 o Vizinhan\u00e7a na SuperCopa Brasil &#8211; Foto: Felipe Costa\/Arquivo EB<\/p><\/div>\n<p><strong>Forma de Disputa<\/strong><br \/>\nDe acordo com o regulamento, as oito equipes classificadas nas Copas Brasil Centro-Oeste, Nordeste, Norte, Sudeste e Sul foram divididas em dois grupos de quatro. Na primeira fase, jogam entre si nas suas respectivas chaves em turno \u00fanico.<\/p>\n<p>As duas primeiras colocadas de cada grupo se classificam para a fase semifinal, no sistema de cruzamento ol\u00edmpico: 1\u00ba A x 2\u00ba B e 1\u00ba B x 2\u00ba A.<\/p>\n<p>Os ganhadores decidem o t\u00edtulo e garantem a vaga na Liga Ouro 2017, desde que atendam as exig\u00eancias do Departamento T\u00e9cnico da Liga Nacional de Basquete (LNB).<\/p>\n","protected":false},"excerpt":{"rendered":"<p>Fonte: Confedera\u00e7\u00e3o Brasileira de Basquete &#8220;Preparados para vencer&#8221;. \u00c9 com esse lema que a equipe do Clube Vizinhan\u00e7a vai disputar a Supercopa Brasil 2016, na Arena Multiuso de Brusque\/SC. O time da capital federal far\u00e1 a a primeira partida contra o Am\u00e9rica\/SP\u00a0na pr\u00f3xima ter\u00e7a-feira (14), \u00e0s 16h. Uma das pe\u00e7as mais conhecidas do atual elenco, [&hellip;]<\/p>\n","protected":false},"author":1,"featured_media":2086,"comment_status":"open","ping_status":"closed","sticky":false,"template":"","format":"standard","meta":{"footnotes":""},"categories":[12],"tags":[],"class_list":["post-2082","post","type-post","status-publish","format-standard","has-post-thumbnail","hentry","category-basquete"],"_links":{"self":[{"href":"https:\/\/www.esportesbrasilia.com.br\/noticias\/wp-json\/wp\/v2\/posts\/2082","targetHints":{"allow":["GET"]}}],"collection":[{"href":"https:\/\/www.esportesbrasilia.com.br\/noticias\/wp-json\/wp\/v2\/posts"}],"about":[{"href":"https:\/\/www.esportesbrasilia.com.br\/noticias\/wp-json\/wp\/v2\/types\/post"}],"author":[{"embeddable":true,"href":"https:\/\/www.esportesbrasilia.com.br\/noticias\/wp-json\/wp\/v2\/users\/1"}],"replies":[{"embeddable":true,"href":"https:\/\/www.esportesbrasilia.com.br\/noticias\/wp-json\/wp\/v2\/comments?post=2082"}],"version-history":[{"count":4,"href":"https:\/\/www.esportesbrasilia.com.br\/noticias\/wp-json\/wp\/v2\/posts\/2082\/revisions"}],"predecessor-version":[{"id":2088,"href":"https:\/\/www.esportesbrasilia.com.br\/noticias\/wp-json\/wp\/v2\/posts\/2082\/revisions\/2088"}],"wp:featuredmedia":[{"embeddable":true,"href":"https:\/\/www.esportesbrasilia.com.br\/noticias\/wp-json\/wp\/v2\/media\/2086"}],"wp:attachment":[{"href":"https:\/\/www.esportesbrasilia.com.br\/noticias\/wp-json\/wp\/v2\/media?parent=2082"}],"wp:term":[{"taxonomy":"category","embeddable":true,"href":"https:\/\/www.esportesbrasilia.com.br\/noticias\/wp-json\/wp\/v2\/categories?post=2082"},{"taxonomy":"post_tag","embeddable":true,"href":"https:\/\/www.esportesbrasilia.com.br\/noticias\/wp-json\/wp\/v2\/tags?post=2082"}],"curies":[{"name":"wp","href":"https:\/\/api.w.org\/{rel}","templated":true}]}}