{"id":2077,"date":"2016-06-10T13:50:16","date_gmt":"2016-06-10T16:50:16","guid":{"rendered":"http:\/\/www.esportesbrasilia.com.br\/noticias\/?p=2077"},"modified":"2016-06-10T13:50:16","modified_gmt":"2016-06-10T16:50:16","slug":"giovannoni-e-convocado-para-os-jogos-olimpicos-rio-2016","status":"publish","type":"post","link":"https:\/\/www.esportesbrasilia.com.br\/noticias\/basquete\/giovannoni-e-convocado-para-os-jogos-olimpicos-rio-2016.html","title":{"rendered":"Giovannoni \u00e9 convocado para os Jogos Ol\u00edmpicos Rio 2016"},"content":{"rendered":"<p><em>Fonte: Objetiva Comunica\u00e7\u00e3o<\/em><\/p>\n<p>O t\u00e9cnico da Sele\u00e7\u00e3o Brasileira de basquete, Rub\u00e9n Magnano, anunciou na manh\u00e3 desta sexta-feira (10) a lista dos 14 atletas convocados para os Jogos Ol\u00edmpicos do Rio de Janeiro. E o UniCEUB\/Bras\u00edlia est\u00e1 representado com um dos grandes destaques da equipe: o capit\u00e3o Guilherme Giovannoni.<\/p>\n<p>Em S\u00e3o Paulo, onde treina com os preparadores f\u00edsicos da Sele\u00e7\u00e3o Brasileira, Giovannoni estava ansioso. Trinta minutos antes de Magnano come\u00e7ar a coletiva de imprensa, o atleta j\u00e1 procurava por not\u00edcias no celular que confirmassem a convoca\u00e7\u00e3o.<\/p>\n<p>\u201cJogar uma Olimp\u00edada dentro de casa \u00e9 um acontecimento hist\u00f3rico para qualquer atleta. Dif\u00edcil explicar a emo\u00e7\u00e3o de defender o Brasil nesse momento. Resultado do esfor\u00e7o, dos treinos. E Bras\u00edlia foi fundamental para que eu chegasse at\u00e9 aqui\u201d, comemorou Giovannoni, que vai disputar os Jogos Ol\u00edmpicos pela segunda vez. Em 2012, ele esteve em Londres, quando o Brasil conquistou a quinta coloca\u00e7\u00e3o no basquete masculino.<\/p>\n<p>Magnano refor\u00e7a que usar\u00e1 a oportunidade de disputar uma Olimp\u00edada em casa como principal motiva\u00e7\u00e3o para os jogadores:<\/p>\n<p>\u201cEles v\u00e3o ter o privil\u00e9gio de jogar a Olimp\u00edada em casa. \u00c9 algo muito raro para o um jogador. \u00c9 a mensagem mais importante que estou passando para os atletas. Entendo que isso vai alimentar a vontade deles. Nosso pessoal j\u00e1 est\u00e1 trabalhando na parte f\u00edsica e na parte t\u00e9cnica para chegar ao dia 7 na melhor forma\u201d, prega Magnano.<\/p>\n<p>A lista do t\u00e9cnico argentino n\u00e3o apresentou grandes surpresas. Dos doze jogadores que foram a Londres, nove nomes se repetiram para os Jogos do Rio de Janeiro. O grande destaque da equipe \u00e9 o quinteto de jogadores da NBA: Anderson Varej\u00e3o, Leandrinho, Raulzinho, Nen\u00ea e Marcelinho Huertas. Da atual lista com 14 nomes, dois ser\u00e3o cortados at\u00e9 o in\u00edcio dos Jogos.<\/p>\n<p>A apresenta\u00e7\u00e3o dos jogadores ocorre no pr\u00f3ximo dia 24, em S\u00e3o Paulo. O grupo viaja para Mogi das Cruzes para um jogo amistoso, e depois vai duelar com Austr\u00e1lia, China e Litu\u00e2nia.<\/p>\n<p>O Brasil est\u00e1 no grupo B dos Jogos Ol\u00edmpicos, ao lado de Argentina, Espanha, Litu\u00e2nia, Nig\u00e9ria e mais uma equipe a ser definida no Pr\u00e9-Ol\u00edmpico. A estreia ocorre contra os lituanos, em 7 de agosto, \u00e0s 14h15, na Arena Carioca 1.<\/p>\n<p>Confira a lista de convocados<\/p>\n<p>Armadores<br \/>\nMarcelinho Huertas (Los Angeles Lakers), Raulzinho (Utah Jazz), Larry Taylor (Mogi das Cruzes), Rafa Luz (Flamengo), Benite (Murcia)<\/p>\n<p>Alas<br \/>\nMarquinhos (Flamengo), Leandrinho (Golden State Warriors), Alex Garcia (Bauru), Guilherme Giovannoni (UniCEUB\/Cart\u00e3o BRB\/Bras\u00edlia)<\/p>\n<p>Piv\u00f4s<br \/>\nAnderson Varej\u00e3o (Golden State Warriors), Nen\u00ea (Washington Wizards), Hettsheimeir (Bauru), Augusto Lima (Real Madrid), Vitor Faverani (Murcia)<\/p>\n","protected":false},"excerpt":{"rendered":"<p>Fonte: Objetiva Comunica\u00e7\u00e3o O t\u00e9cnico da Sele\u00e7\u00e3o Brasileira de basquete, Rub\u00e9n Magnano, anunciou na manh\u00e3 desta sexta-feira (10) a lista dos 14 atletas convocados para os Jogos Ol\u00edmpicos do Rio de Janeiro. E o UniCEUB\/Bras\u00edlia est\u00e1 representado com um dos grandes destaques da equipe: o capit\u00e3o Guilherme Giovannoni. Em S\u00e3o Paulo, onde treina com os [&hellip;]<\/p>\n","protected":false},"author":1,"featured_media":1808,"comment_status":"open","ping_status":"closed","sticky":false,"template":"","format":"standard","meta":{"footnotes":""},"categories":[12],"tags":[],"class_list":["post-2077","post","type-post","status-publish","format-standard","has-post-thumbnail","hentry","category-basquete"],"_links":{"self":[{"href":"https:\/\/www.esportesbrasilia.com.br\/noticias\/wp-json\/wp\/v2\/posts\/2077","targetHints":{"allow":["GET"]}}],"collection":[{"href":"https:\/\/www.esportesbrasilia.com.br\/noticias\/wp-json\/wp\/v2\/posts"}],"about":[{"href":"https:\/\/www.esportesbrasilia.com.br\/noticias\/wp-json\/wp\/v2\/types\/post"}],"author":[{"embeddable":true,"href":"https:\/\/www.esportesbrasilia.com.br\/noticias\/wp-json\/wp\/v2\/users\/1"}],"replies":[{"embeddable":true,"href":"https:\/\/www.esportesbrasilia.com.br\/noticias\/wp-json\/wp\/v2\/comments?post=2077"}],"version-history":[{"count":1,"href":"https:\/\/www.esportesbrasilia.com.br\/noticias\/wp-json\/wp\/v2\/posts\/2077\/revisions"}],"predecessor-version":[{"id":2078,"href":"https:\/\/www.esportesbrasilia.com.br\/noticias\/wp-json\/wp\/v2\/posts\/2077\/revisions\/2078"}],"wp:featuredmedia":[{"embeddable":true,"href":"https:\/\/www.esportesbrasilia.com.br\/noticias\/wp-json\/wp\/v2\/media\/1808"}],"wp:attachment":[{"href":"https:\/\/www.esportesbrasilia.com.br\/noticias\/wp-json\/wp\/v2\/media?parent=2077"}],"wp:term":[{"taxonomy":"category","embeddable":true,"href":"https:\/\/www.esportesbrasilia.com.br\/noticias\/wp-json\/wp\/v2\/categories?post=2077"},{"taxonomy":"post_tag","embeddable":true,"href":"https:\/\/www.esportesbrasilia.com.br\/noticias\/wp-json\/wp\/v2\/tags?post=2077"}],"curies":[{"name":"wp","href":"https:\/\/api.w.org\/{rel}","templated":true}]}}