{"id":20720,"date":"2021-12-27T20:23:29","date_gmt":"2021-12-27T23:23:29","guid":{"rendered":"https:\/\/www.esportesbrasilia.com.br\/noticias\/?p=20720"},"modified":"2021-12-27T20:23:30","modified_gmt":"2021-12-27T23:23:30","slug":"fluminense-estuda-mandar-jogos-do-carioca-em-brasilia-e-no-espirito-santo","status":"publish","type":"post","link":"https:\/\/www.esportesbrasilia.com.br\/noticias\/futebol\/fluminense-estuda-mandar-jogos-do-carioca-em-brasilia-e-no-espirito-santo.html","title":{"rendered":"Fluminense estuda mandar jogos do Carioca em Bras\u00edlia e no Esp\u00edrito Santo"},"content":{"rendered":"\n<p><strong>Foto: Divulga\u00e7\u00e3o\/Arena BSB<\/strong><\/p>\n\n\n\n<p>O Fluminense estuda onde mandar seus jogos enquanto o Est\u00e1dio M\u00e1rio Filho fica indispon\u00edvel para partidas. O Maracan\u00e3 passar\u00e1 por reformas no gramado entre fevereiro e o come\u00e7o de mar\u00e7o.<\/p>\n\n\n\n<p>As op\u00e7\u00f5es planejadas pela diretoria tricolor s\u00e3o o est\u00e1dio Kl\u00e9ber Jos\u00e9 de Andrade, em Cariacica, Esp\u00edrito Santo; e o Est\u00e1dio Nacional Man\u00e9 Garrincha, em Bras\u00edlia. As datas das partidas ainda n\u00e3o est\u00e3o definidas.<\/p>\n\n\n\n<p>Um dos jogos que o Flu deve mandar em Bras\u00edlia \u00e9 o cl\u00e1ssico contra o Botafogo, que est\u00e1 previsto para acontecer no dia 9 ou 10 de fevereiro. O jogo \u00e9 v\u00e1lido pela 5\u00aa rodada. A ideia da diretoria tricolor \u00e9 tentar colocar a partida \u00e0 venda para que alguma empresa compre a realiza\u00e7\u00e3o do jogo.<\/p>\n\n\n\n<p>O jogo contra o Vasco tamb\u00e9m seria sediado em outra cidade, mas como acontece entre os dois jogos da fase preliminar da Libertadores, os dirigentes do Flu preferiram manter a partida no Rio de Janeiro. O jogo contra o Millon\u00e1rios pela competi\u00e7\u00e3o continental ser\u00e1 realizado em S\u00e3o Janu\u00e1rio.<\/p>\n\n\n\n<p>Na \u00faltima semana, o presidente do Fluminense, M\u00e1rio Bittencourt, afirmou que o Flamengo estuda trazer o cl\u00e1ssico entre as equipes para ser disputado em Bras\u00edlia, tamb\u00e9m por conta da reforma no gramado do Maracan\u00e3.<\/p>\n","protected":false},"excerpt":{"rendered":"<p>Foto: Divulga\u00e7\u00e3o\/Arena BSB O Fluminense estuda onde mandar seus jogos enquanto o Est\u00e1dio M\u00e1rio Filho fica indispon\u00edvel para partidas. O Maracan\u00e3 passar\u00e1 por reformas no gramado entre fevereiro e o come\u00e7o de mar\u00e7o. As op\u00e7\u00f5es planejadas pela diretoria tricolor s\u00e3o o est\u00e1dio Kl\u00e9ber Jos\u00e9 de Andrade, em Cariacica, Esp\u00edrito Santo; e o Est\u00e1dio Nacional Man\u00e9 [&hellip;]<\/p>\n","protected":false},"author":25,"featured_media":19308,"comment_status":"closed","ping_status":"closed","sticky":false,"template":"","format":"standard","meta":{"footnotes":""},"categories":[8],"tags":[],"class_list":["post-20720","post","type-post","status-publish","format-standard","has-post-thumbnail","hentry","category-futebol"],"_links":{"self":[{"href":"https:\/\/www.esportesbrasilia.com.br\/noticias\/wp-json\/wp\/v2\/posts\/20720","targetHints":{"allow":["GET"]}}],"collection":[{"href":"https:\/\/www.esportesbrasilia.com.br\/noticias\/wp-json\/wp\/v2\/posts"}],"about":[{"href":"https:\/\/www.esportesbrasilia.com.br\/noticias\/wp-json\/wp\/v2\/types\/post"}],"author":[{"embeddable":true,"href":"https:\/\/www.esportesbrasilia.com.br\/noticias\/wp-json\/wp\/v2\/users\/25"}],"replies":[{"embeddable":true,"href":"https:\/\/www.esportesbrasilia.com.br\/noticias\/wp-json\/wp\/v2\/comments?post=20720"}],"version-history":[{"count":1,"href":"https:\/\/www.esportesbrasilia.com.br\/noticias\/wp-json\/wp\/v2\/posts\/20720\/revisions"}],"predecessor-version":[{"id":20721,"href":"https:\/\/www.esportesbrasilia.com.br\/noticias\/wp-json\/wp\/v2\/posts\/20720\/revisions\/20721"}],"wp:featuredmedia":[{"embeddable":true,"href":"https:\/\/www.esportesbrasilia.com.br\/noticias\/wp-json\/wp\/v2\/media\/19308"}],"wp:attachment":[{"href":"https:\/\/www.esportesbrasilia.com.br\/noticias\/wp-json\/wp\/v2\/media?parent=20720"}],"wp:term":[{"taxonomy":"category","embeddable":true,"href":"https:\/\/www.esportesbrasilia.com.br\/noticias\/wp-json\/wp\/v2\/categories?post=20720"},{"taxonomy":"post_tag","embeddable":true,"href":"https:\/\/www.esportesbrasilia.com.br\/noticias\/wp-json\/wp\/v2\/tags?post=20720"}],"curies":[{"name":"wp","href":"https:\/\/api.w.org\/{rel}","templated":true}]}}