{"id":20662,"date":"2021-12-07T15:54:23","date_gmt":"2021-12-07T18:54:23","guid":{"rendered":"https:\/\/www.esportesbrasilia.com.br\/noticias\/?p=20662"},"modified":"2021-12-07T15:54:24","modified_gmt":"2021-12-07T18:54:24","slug":"brasilia-informa-nas-redes-sociais-que-nao-ainda-fechou-contratacoes","status":"publish","type":"post","link":"https:\/\/www.esportesbrasilia.com.br\/noticias\/futebol\/brasilia-informa-nas-redes-sociais-que-nao-ainda-fechou-contratacoes.html","title":{"rendered":"Bras\u00edlia informa nas redes sociais que n\u00e3o ainda fechou contrata\u00e7\u00f5es"},"content":{"rendered":"\n<p>O Bras\u00edlia, vice-campe\u00e3o da Segundinha 2021 e rec\u00e9m-promovido \u00e0 elite candanga, divulgou nas redes sociais uma imagem, no m\u00ednimo, curiosa.<\/p>\n\n\n\n<p>Segundo o texto, o time ainda n\u00e3o fechou contrata\u00e7\u00f5es para a temporada 2022, pois est\u00e1 em planejamento estrat\u00e9gico para a competi\u00e7\u00e3o. Confira a imagem divulgada pelo Bras\u00edlia nas redes sociais:<\/p>\n\n\n\n<figure class=\"wp-block-image size-large\"><img loading=\"lazy\" decoding=\"async\" width=\"750\" height=\"1020\" src=\"https:\/\/www.esportesbrasilia.com.br\/noticias\/wp-content\/uploads\/contratacoesbrasilia.jpg\" alt=\"\" class=\"wp-image-20663\" srcset=\"https:\/\/www.esportesbrasilia.com.br\/noticias\/wp-content\/uploads\/contratacoesbrasilia.jpg 750w, https:\/\/www.esportesbrasilia.com.br\/noticias\/wp-content\/uploads\/contratacoesbrasilia-221x300.jpg 221w\" sizes=\"auto, (max-width: 750px) 100vw, 750px\" \/><\/figure>\n\n\n\n<p>A equipe colorada estrear\u00e1 no Candang\u00e3o 2022 fora de casa, no dia 23 de janeiro, frente ao Luzi\u00e2nia, no est\u00e1dio Serra do Lago.<\/p>\n","protected":false},"excerpt":{"rendered":"<p>O Bras\u00edlia, vice-campe\u00e3o da Segundinha 2021 e rec\u00e9m-promovido \u00e0 elite candanga, divulgou nas redes sociais uma imagem, no m\u00ednimo, curiosa. Segundo o texto, o time ainda n\u00e3o fechou contrata\u00e7\u00f5es para a temporada 2022, pois est\u00e1 em planejamento estrat\u00e9gico para a competi\u00e7\u00e3o. Confira a imagem divulgada pelo Bras\u00edlia nas redes sociais: A equipe colorada estrear\u00e1 no [&hellip;]<\/p>\n","protected":false},"author":2,"featured_media":14894,"comment_status":"closed","ping_status":"closed","sticky":false,"template":"","format":"standard","meta":{"footnotes":""},"categories":[8],"tags":[],"class_list":["post-20662","post","type-post","status-publish","format-standard","has-post-thumbnail","hentry","category-futebol"],"_links":{"self":[{"href":"https:\/\/www.esportesbrasilia.com.br\/noticias\/wp-json\/wp\/v2\/posts\/20662","targetHints":{"allow":["GET"]}}],"collection":[{"href":"https:\/\/www.esportesbrasilia.com.br\/noticias\/wp-json\/wp\/v2\/posts"}],"about":[{"href":"https:\/\/www.esportesbrasilia.com.br\/noticias\/wp-json\/wp\/v2\/types\/post"}],"author":[{"embeddable":true,"href":"https:\/\/www.esportesbrasilia.com.br\/noticias\/wp-json\/wp\/v2\/users\/2"}],"replies":[{"embeddable":true,"href":"https:\/\/www.esportesbrasilia.com.br\/noticias\/wp-json\/wp\/v2\/comments?post=20662"}],"version-history":[{"count":1,"href":"https:\/\/www.esportesbrasilia.com.br\/noticias\/wp-json\/wp\/v2\/posts\/20662\/revisions"}],"predecessor-version":[{"id":20664,"href":"https:\/\/www.esportesbrasilia.com.br\/noticias\/wp-json\/wp\/v2\/posts\/20662\/revisions\/20664"}],"wp:featuredmedia":[{"embeddable":true,"href":"https:\/\/www.esportesbrasilia.com.br\/noticias\/wp-json\/wp\/v2\/media\/14894"}],"wp:attachment":[{"href":"https:\/\/www.esportesbrasilia.com.br\/noticias\/wp-json\/wp\/v2\/media?parent=20662"}],"wp:term":[{"taxonomy":"category","embeddable":true,"href":"https:\/\/www.esportesbrasilia.com.br\/noticias\/wp-json\/wp\/v2\/categories?post=20662"},{"taxonomy":"post_tag","embeddable":true,"href":"https:\/\/www.esportesbrasilia.com.br\/noticias\/wp-json\/wp\/v2\/tags?post=20662"}],"curies":[{"name":"wp","href":"https:\/\/api.w.org\/{rel}","templated":true}]}}