{"id":20632,"date":"2021-12-03T00:26:24","date_gmt":"2021-12-03T03:26:24","guid":{"rendered":"http:\/\/www.esportesbrasilia.com.br\/noticias\/?p=20632"},"modified":"2021-12-03T00:29:46","modified_gmt":"2021-12-03T03:29:46","slug":"campeonato-de-futevolei-brasiliense-acontece-neste-fim-de-semana-no-arena-61","status":"publish","type":"post","link":"https:\/\/www.esportesbrasilia.com.br\/noticias\/outros\/campeonato-de-futevolei-brasiliense-acontece-neste-fim-de-semana-no-arena-61.html","title":{"rendered":"Campeonato de Futev\u00f4lei brasiliense acontece neste fim de\u00a0semana no Arena 61"},"content":{"rendered":"\n<p><strong>Fotos: Lucas Rodrigues<\/strong><\/p>\n\n\n\n<p>Com o objetivo de fomentar o esporte em Bras\u00edlia, o espa\u00e7o Arena 61, localizado em \u00c1guas Claras, ir\u00e1 realizar um campeonato brasiliense de futev\u00f4lei, tanto para homens, quanto para mulheres. O evento que acontece nesta sexta-feira (3), e vai at\u00e9 domingo, dia 5 de dezembro tem espa\u00e7o para todos os gostos, assim como camarote open bar com chopp e tamb\u00e9m um pagodinho. Ingressos custam a partir de R$20.&nbsp;<\/p>\n\n\n\n<p>Com uma estrutura diferenciada para o p\u00fablico e para os atletas, o campeonato ter\u00e1 cinco categorias de premia\u00e7\u00f5es entre Misto Aberto, S\u00e9rie A&nbsp;+ B, Iniciante, S\u00e9rie C e Misto Iniciante. Para animar ainda mais os participantes, as bonifica\u00e7\u00f5es variam de R$300 a R$1000. &#8220;O nosso objetivo \u00e9 incentivar mais a quest\u00e3o do esporte em Bras\u00edlia e tornar o campeonato de futev\u00f4lei em um evento tradicional na cidade&#8221;, afirma um dos idealizadores do projeto Igor Felipe.&nbsp;<\/p>\n\n\n\n<figure class=\"wp-block-image size-large\"><img loading=\"lazy\" decoding=\"async\" width=\"1024\" height=\"683\" src=\"https:\/\/www.esportesbrasilia.com.br\/noticias\/wp-content\/uploads\/WhatsApp-Image-2021-12-03-at-00.20.14.jpeg\" alt=\"\" class=\"wp-image-20635\" srcset=\"https:\/\/www.esportesbrasilia.com.br\/noticias\/wp-content\/uploads\/WhatsApp-Image-2021-12-03-at-00.20.14.jpeg 1024w, https:\/\/www.esportesbrasilia.com.br\/noticias\/wp-content\/uploads\/WhatsApp-Image-2021-12-03-at-00.20.14-300x200.jpeg 300w, https:\/\/www.esportesbrasilia.com.br\/noticias\/wp-content\/uploads\/WhatsApp-Image-2021-12-03-at-00.20.14-768x512.jpeg 768w\" sizes=\"auto, (max-width: 1024px) 100vw, 1024px\" \/><\/figure>\n\n\n\n<p>Vale ressaltar que a equipe de organiza\u00e7\u00e3o, Igor Felipe, Paulo Roberto e Thyago Esp\u00edndola seguir\u00e3o todos os protocolos de seguran\u00e7a da Organiza\u00e7\u00e3o Mundial da Sa\u00fade (OMS) e Governo local. &#8220;Todas as pessoas que comparecer\u00e3o&nbsp;ao local est\u00e3o cientes e assumem os riscos de sa\u00fade. Portanto, \u00e9 importante refor\u00e7ar que ser\u00e1 obrigat\u00f3rio o uso de m\u00e1scara dentro do nosso espa\u00e7o&#8221;, explica.&nbsp;<\/p>\n\n\n\n<p>A expectativa para o evento \u00e9 que 500 convidados, por dia, assistam \u00e0s partidas. Para quem tiver interesse em fazer parte deste p\u00fablico, basta entrar no site www.sympla.com.br e adquirir o ingresso ou fazer a compra na portaria do Arena 61.&nbsp;<\/p>\n\n\n\n<figure class=\"wp-block-image size-large\"><img loading=\"lazy\" decoding=\"async\" width=\"1024\" height=\"819\" src=\"https:\/\/www.esportesbrasilia.com.br\/noticias\/wp-content\/uploads\/WhatsApp-Image-2021-12-03-at-00.20.14-2.jpeg\" alt=\"\" class=\"wp-image-20636\" srcset=\"https:\/\/www.esportesbrasilia.com.br\/noticias\/wp-content\/uploads\/WhatsApp-Image-2021-12-03-at-00.20.14-2.jpeg 1024w, https:\/\/www.esportesbrasilia.com.br\/noticias\/wp-content\/uploads\/WhatsApp-Image-2021-12-03-at-00.20.14-2-300x240.jpeg 300w, https:\/\/www.esportesbrasilia.com.br\/noticias\/wp-content\/uploads\/WhatsApp-Image-2021-12-03-at-00.20.14-2-768x614.jpeg 768w\" sizes=\"auto, (max-width: 1024px) 100vw, 1024px\" \/><\/figure>\n\n\n\n<p><\/p>\n","protected":false},"excerpt":{"rendered":"<p>Fotos: Lucas Rodrigues Com o objetivo de fomentar o esporte em Bras\u00edlia, o espa\u00e7o Arena 61, localizado em \u00c1guas Claras, ir\u00e1 realizar um campeonato brasiliense de futev\u00f4lei, tanto para homens, quanto para mulheres. O evento que acontece nesta sexta-feira (3), e vai at\u00e9 domingo, dia 5 de dezembro tem espa\u00e7o para todos os gostos, assim [&hellip;]<\/p>\n","protected":false},"author":46,"featured_media":20634,"comment_status":"closed","ping_status":"closed","sticky":false,"template":"","format":"standard","meta":{"footnotes":""},"categories":[2],"tags":[796,34,91,795],"class_list":["post-20632","post","type-post","status-publish","format-standard","has-post-thumbnail","hentry","category-outros","tag-arena-61","tag-brasiliense","tag-esportes-brasilia","tag-futevolei"],"_links":{"self":[{"href":"https:\/\/www.esportesbrasilia.com.br\/noticias\/wp-json\/wp\/v2\/posts\/20632","targetHints":{"allow":["GET"]}}],"collection":[{"href":"https:\/\/www.esportesbrasilia.com.br\/noticias\/wp-json\/wp\/v2\/posts"}],"about":[{"href":"https:\/\/www.esportesbrasilia.com.br\/noticias\/wp-json\/wp\/v2\/types\/post"}],"author":[{"embeddable":true,"href":"https:\/\/www.esportesbrasilia.com.br\/noticias\/wp-json\/wp\/v2\/users\/46"}],"replies":[{"embeddable":true,"href":"https:\/\/www.esportesbrasilia.com.br\/noticias\/wp-json\/wp\/v2\/comments?post=20632"}],"version-history":[{"count":2,"href":"https:\/\/www.esportesbrasilia.com.br\/noticias\/wp-json\/wp\/v2\/posts\/20632\/revisions"}],"predecessor-version":[{"id":20639,"href":"https:\/\/www.esportesbrasilia.com.br\/noticias\/wp-json\/wp\/v2\/posts\/20632\/revisions\/20639"}],"wp:featuredmedia":[{"embeddable":true,"href":"https:\/\/www.esportesbrasilia.com.br\/noticias\/wp-json\/wp\/v2\/media\/20634"}],"wp:attachment":[{"href":"https:\/\/www.esportesbrasilia.com.br\/noticias\/wp-json\/wp\/v2\/media?parent=20632"}],"wp:term":[{"taxonomy":"category","embeddable":true,"href":"https:\/\/www.esportesbrasilia.com.br\/noticias\/wp-json\/wp\/v2\/categories?post=20632"},{"taxonomy":"post_tag","embeddable":true,"href":"https:\/\/www.esportesbrasilia.com.br\/noticias\/wp-json\/wp\/v2\/tags?post=20632"}],"curies":[{"name":"wp","href":"https:\/\/api.w.org\/{rel}","templated":true}]}}