{"id":20581,"date":"2021-11-29T01:10:41","date_gmt":"2021-11-29T04:10:41","guid":{"rendered":"https:\/\/www.esportesbrasilia.com.br\/noticias\/?p=20581"},"modified":"2021-11-29T01:12:48","modified_gmt":"2021-11-29T04:12:48","slug":"brasilia-volei-vence-uberlandia-de-virada-pela-superliga-masculina","status":"publish","type":"post","link":"https:\/\/www.esportesbrasilia.com.br\/noticias\/volei\/brasilia-volei-vence-uberlandia-de-virada-pela-superliga-masculina.html","title":{"rendered":"Bras\u00edlia V\u00f4lei vence Uberl\u00e2ndia de virada pela Superliga Masculina"},"content":{"rendered":"\n<p>O Bras\u00edlia V\u00f4lei entrou em quadra na noite deste domingo (28), em mais uma partida da Superliga Masculina. Jogando no Gin\u00e1sio do SESI, em Taguatinga, a equipe comandada por Marcelo Thiessen enfrentou o Uberl\u00e2ndia\/MG e venceu, de virada, por 3 sets a 1.<\/p>\n\n\n\n<p>Logo no primeiro set, um susto. Quando a partida estava em 6&#215;5 para a equipe mineira, um apag\u00e3o no gin\u00e1sio fez o jogo ficar paralisado por alguns minutos.<\/p>\n\n\n<blockquote class=\"twitter-tweet\">\n<p lang=\"pt\" dir=\"ltr\">Pessoal, jogo paralisado por alguns minutos, pois houve uma queda de energia no gin\u00e1sio &#x1f605; <a href=\"https:\/\/t.co\/2yDXxbbLBi\">pic.twitter.com\/2yDXxbbLBi<\/a><\/p>\n<p>\u2014 Bras\u00edlia V\u00f4lei (@BrasiliaVolei) <a href=\"https:\/\/twitter.com\/BrasiliaVolei\/status\/1465111980134612996?ref_src=twsrc%5Etfw\">November 29, 2021<\/a><\/p><\/blockquote>\n<p> <script async=\"\" src=\"https:\/\/platform.twitter.com\/widgets.js\" charset=\"utf-8\"><\/script><\/p>\n\n\n\n<p>Depois disso, a partida foi retomada e os mineiros venceram por 25&#215;23. Depois disso, s\u00f3 deu Bras\u00edlia V\u00f4lei. Os candangos faturaram os tr\u00eas sets seguintes: 25&#215;17 no segundo, 25&#215;21 no terceiro e 25&#215;20 no quarto, confirmando a vit\u00f3ria por 3 sets a 1.<\/p>\n\n\n\n<p>O maior pontuador do jogo foi Lucaian, do Bras\u00edlia V\u00f4lei, com 20 pontos anotados. Adrian Goide foi eleito o melhor jogador em quadra e ganhou o trof\u00e9u Viva V\u00f4lei.<\/p>\n\n\n\n<p>Com a segunda vit\u00f3ria na competi\u00e7\u00e3o, o Brasilia V\u00f4lei est\u00e1 na nona coloca\u00e7\u00e3o, com seis pontos ganhos. O time tamb\u00e9m n\u00e3o ter\u00e1 tanto tempo pra descansar, j\u00e1 que na pr\u00f3xima quarta-feira (01.12) enfrentar\u00e1 o Am\u00e9rica Mineiro, no Gin\u00e1sio Tancredo Neves, em Montes Claros\/MG.<\/p>\n","protected":false},"excerpt":{"rendered":"<p>O Bras\u00edlia V\u00f4lei entrou em quadra na noite deste domingo (28), em mais uma partida da Superliga Masculina. Jogando no Gin\u00e1sio do SESI, em Taguatinga, a equipe comandada por Marcelo Thiessen enfrentou o Uberl\u00e2ndia\/MG e venceu, de virada, por 3 sets a 1. Logo no primeiro set, um susto. Quando a partida estava em 6&#215;5 [&hellip;]<\/p>\n","protected":false},"author":2,"featured_media":8620,"comment_status":"closed","ping_status":"closed","sticky":false,"template":"","format":"standard","meta":{"footnotes":""},"categories":[11],"tags":[],"class_list":["post-20581","post","type-post","status-publish","format-standard","has-post-thumbnail","hentry","category-volei"],"_links":{"self":[{"href":"https:\/\/www.esportesbrasilia.com.br\/noticias\/wp-json\/wp\/v2\/posts\/20581","targetHints":{"allow":["GET"]}}],"collection":[{"href":"https:\/\/www.esportesbrasilia.com.br\/noticias\/wp-json\/wp\/v2\/posts"}],"about":[{"href":"https:\/\/www.esportesbrasilia.com.br\/noticias\/wp-json\/wp\/v2\/types\/post"}],"author":[{"embeddable":true,"href":"https:\/\/www.esportesbrasilia.com.br\/noticias\/wp-json\/wp\/v2\/users\/2"}],"replies":[{"embeddable":true,"href":"https:\/\/www.esportesbrasilia.com.br\/noticias\/wp-json\/wp\/v2\/comments?post=20581"}],"version-history":[{"count":2,"href":"https:\/\/www.esportesbrasilia.com.br\/noticias\/wp-json\/wp\/v2\/posts\/20581\/revisions"}],"predecessor-version":[{"id":20584,"href":"https:\/\/www.esportesbrasilia.com.br\/noticias\/wp-json\/wp\/v2\/posts\/20581\/revisions\/20584"}],"wp:featuredmedia":[{"embeddable":true,"href":"https:\/\/www.esportesbrasilia.com.br\/noticias\/wp-json\/wp\/v2\/media\/8620"}],"wp:attachment":[{"href":"https:\/\/www.esportesbrasilia.com.br\/noticias\/wp-json\/wp\/v2\/media?parent=20581"}],"wp:term":[{"taxonomy":"category","embeddable":true,"href":"https:\/\/www.esportesbrasilia.com.br\/noticias\/wp-json\/wp\/v2\/categories?post=20581"},{"taxonomy":"post_tag","embeddable":true,"href":"https:\/\/www.esportesbrasilia.com.br\/noticias\/wp-json\/wp\/v2\/tags?post=20581"}],"curies":[{"name":"wp","href":"https:\/\/api.w.org\/{rel}","templated":true}]}}