{"id":20578,"date":"2021-11-27T22:16:32","date_gmt":"2021-11-28T01:16:32","guid":{"rendered":"https:\/\/www.esportesbrasilia.com.br\/noticias\/?p=20578"},"modified":"2021-11-27T22:16:32","modified_gmt":"2021-11-28T01:16:32","slug":"arquiteto-que-redesenhou-o-estadio-bezerrao-morre-em-sao-paulo","status":"publish","type":"post","link":"https:\/\/www.esportesbrasilia.com.br\/noticias\/futebol\/arquiteto-que-redesenhou-o-estadio-bezerrao-morre-em-sao-paulo.html","title":{"rendered":"Arquiteto que redesenhou o est\u00e1dio Bezerr\u00e3o morre em S\u00e3o Paulo"},"content":{"rendered":"\n<p><strong>Foto: Prefeitura de S\u00e3o Jos\u00e9 dos Campos\/Divulga\u00e7\u00e3o<\/strong><\/p>\n\n\n\n<p>O arquiteto respons\u00e1vel pela reconstru\u00e7\u00e3o do est\u00e1dio Bezerr\u00e3o, localizado no Gama, morreu neste s\u00e1bado (27). Ruy Ohtake lutava contra uma mielodisplasia, uma esp\u00e9cie de c\u00e2ncer de medula.<\/p>\n\n\n\n<p>O vel\u00f3rio foi restrito \u00e0 fam\u00edlia. Ruy era filho da artista pl\u00e1stica Tomie Ohtake, que faleceu h\u00e1 seis anos, com 101 anos de idade.<\/p>\n\n\n\n<p>Uma das grandes obras de Ruy foi a reconstru\u00e7\u00e3o do palco do futebol gamense, reinaugurado h\u00e1 13 anos, com o jogo entre Brasil e Portugal, vencido pela sele\u00e7\u00e3o canarinho por 6&#215;2, onde se registrou o recorde de p\u00fablico: 19.157 torcedores.<\/p>\n\n\n\n<figure class=\"wp-block-image size-large\"><img loading=\"lazy\" decoding=\"async\" width=\"960\" height=\"540\" src=\"https:\/\/www.esportesbrasilia.com.br\/noticias\/wp-content\/uploads\/estadiobezerrao_pm.jpg\" alt=\"\" class=\"wp-image-2434\" srcset=\"https:\/\/www.esportesbrasilia.com.br\/noticias\/wp-content\/uploads\/estadiobezerrao_pm.jpg 960w, https:\/\/www.esportesbrasilia.com.br\/noticias\/wp-content\/uploads\/estadiobezerrao_pm-300x169.jpg 300w, https:\/\/www.esportesbrasilia.com.br\/noticias\/wp-content\/uploads\/estadiobezerrao_pm-768x432.jpg 768w, https:\/\/www.esportesbrasilia.com.br\/noticias\/wp-content\/uploads\/estadiobezerrao_pm-696x392.jpg 696w, https:\/\/www.esportesbrasilia.com.br\/noticias\/wp-content\/uploads\/estadiobezerrao_pm-747x420.jpg 747w\" sizes=\"auto, (max-width: 960px) 100vw, 960px\" \/><figcaption>Foto: Philipe Moreira\/Ag\u00eancia EB<\/figcaption><\/figure>\n","protected":false},"excerpt":{"rendered":"<p>Foto: Prefeitura de S\u00e3o Jos\u00e9 dos Campos\/Divulga\u00e7\u00e3o O arquiteto respons\u00e1vel pela reconstru\u00e7\u00e3o do est\u00e1dio Bezerr\u00e3o, localizado no Gama, morreu neste s\u00e1bado (27). Ruy Ohtake lutava contra uma mielodisplasia, uma esp\u00e9cie de c\u00e2ncer de medula. O vel\u00f3rio foi restrito \u00e0 fam\u00edlia. Ruy era filho da artista pl\u00e1stica Tomie Ohtake, que faleceu h\u00e1 seis anos, com 101 [&hellip;]<\/p>\n","protected":false},"author":2,"featured_media":20579,"comment_status":"closed","ping_status":"closed","sticky":false,"template":"","format":"standard","meta":{"footnotes":""},"categories":[8],"tags":[],"class_list":["post-20578","post","type-post","status-publish","format-standard","has-post-thumbnail","hentry","category-futebol"],"_links":{"self":[{"href":"https:\/\/www.esportesbrasilia.com.br\/noticias\/wp-json\/wp\/v2\/posts\/20578","targetHints":{"allow":["GET"]}}],"collection":[{"href":"https:\/\/www.esportesbrasilia.com.br\/noticias\/wp-json\/wp\/v2\/posts"}],"about":[{"href":"https:\/\/www.esportesbrasilia.com.br\/noticias\/wp-json\/wp\/v2\/types\/post"}],"author":[{"embeddable":true,"href":"https:\/\/www.esportesbrasilia.com.br\/noticias\/wp-json\/wp\/v2\/users\/2"}],"replies":[{"embeddable":true,"href":"https:\/\/www.esportesbrasilia.com.br\/noticias\/wp-json\/wp\/v2\/comments?post=20578"}],"version-history":[{"count":1,"href":"https:\/\/www.esportesbrasilia.com.br\/noticias\/wp-json\/wp\/v2\/posts\/20578\/revisions"}],"predecessor-version":[{"id":20580,"href":"https:\/\/www.esportesbrasilia.com.br\/noticias\/wp-json\/wp\/v2\/posts\/20578\/revisions\/20580"}],"wp:featuredmedia":[{"embeddable":true,"href":"https:\/\/www.esportesbrasilia.com.br\/noticias\/wp-json\/wp\/v2\/media\/20579"}],"wp:attachment":[{"href":"https:\/\/www.esportesbrasilia.com.br\/noticias\/wp-json\/wp\/v2\/media?parent=20578"}],"wp:term":[{"taxonomy":"category","embeddable":true,"href":"https:\/\/www.esportesbrasilia.com.br\/noticias\/wp-json\/wp\/v2\/categories?post=20578"},{"taxonomy":"post_tag","embeddable":true,"href":"https:\/\/www.esportesbrasilia.com.br\/noticias\/wp-json\/wp\/v2\/tags?post=20578"}],"curies":[{"name":"wp","href":"https:\/\/api.w.org\/{rel}","templated":true}]}}