{"id":2056,"date":"2016-06-07T13:32:22","date_gmt":"2016-06-07T16:32:22","guid":{"rendered":"http:\/\/www.esportesbrasilia.com.br\/noticias\/?p=2056"},"modified":"2016-06-07T13:32:22","modified_gmt":"2016-06-07T16:32:22","slug":"flamengo-e-palmeiras-podem-perder-mandos-de-campo-por-briga-no-mane-garrincha","status":"publish","type":"post","link":"https:\/\/www.esportesbrasilia.com.br\/noticias\/futebol\/flamengo-e-palmeiras-podem-perder-mandos-de-campo-por-briga-no-mane-garrincha.html","title":{"rendered":"Flamengo e Palmeiras podem perder mandos de campo por briga no Man\u00e9 Garrincha"},"content":{"rendered":"<p><em>Colaborou Jota Silva<\/em><\/p>\n<p>O confronto entre torcedores de Flamengo e Palmeiras que transformou o est\u00e1dio Man\u00e9 Garrincha numa verdadeira pra\u00e7a de guerra na tarde deste domingo (05), durante a partida v\u00e1lida pela sexta rodada do Brasileir\u00e3o da s\u00e9rie A, est\u00e1 sendo investigada pelo STJD.<\/p>\n<p>O procurador da entidade, Paulo Schmidt, requisitou as imagens e a den\u00fancia dever\u00e1 ser apresentada nesta quarta-feira (08). Tanto Flamengo, quanto Palmeiras, poder\u00e3o ser punidos com a perda de dez mandos de campo e multa que pode chegar a R$ 100.000,00.<\/p>\n<p>A briga entre ambas as torcidas organizadas rendeu um saldo negativo de v\u00e1rias instala\u00e7\u00f5es quebradas, spray de pimenta, policiais e torcedores machucados, em especial um torcedor do Flamengo, que continua internado em estado grave. At\u00e9 alguns jogadores e crian\u00e7as passaram mal em virtude do g\u00e1s disparado nas \u00e1reas internas do est\u00e1dio.<\/p>\n<div id=\"attachment_2057\" style=\"width: 970px\" class=\"wp-caption aligncenter\"><img loading=\"lazy\" decoding=\"async\" aria-describedby=\"caption-attachment-2057\" class=\"size-full wp-image-2057\" src=\"https:\/\/www.esportesbrasilia.com.br\/noticias\/wp-content\/uploads\/torcidapal_ct.jpg\" alt=\"Torcedores do Palmeiras s\u00e3o acusados de terem dado in\u00edcio \u00e0 confus\u00e3o nas arquibancadas do Man\u00e9 Garrincha - Foto: Carlos Teixeira\/Ag\u00eancia EB\" width=\"960\" height=\"640\" srcset=\"https:\/\/www.esportesbrasilia.com.br\/noticias\/wp-content\/uploads\/torcidapal_ct.jpg 960w, https:\/\/www.esportesbrasilia.com.br\/noticias\/wp-content\/uploads\/torcidapal_ct-300x200.jpg 300w, https:\/\/www.esportesbrasilia.com.br\/noticias\/wp-content\/uploads\/torcidapal_ct-768x512.jpg 768w, https:\/\/www.esportesbrasilia.com.br\/noticias\/wp-content\/uploads\/torcidapal_ct-696x464.jpg 696w, https:\/\/www.esportesbrasilia.com.br\/noticias\/wp-content\/uploads\/torcidapal_ct-630x420.jpg 630w\" sizes=\"auto, (max-width: 960px) 100vw, 960px\" \/><p id=\"caption-attachment-2057\" class=\"wp-caption-text\">Torcedores do Palmeiras s\u00e3o acusados de terem dado in\u00edcio \u00e0 confus\u00e3o nas arquibancadas do Man\u00e9 Garrincha &#8211; Foto: Carlos Teixeira\/Ag\u00eancia EB<\/p><\/div>\n<p>Os torcedores do Palmeiras que foram presos acusados de dar in\u00edcio \u00e0 confus\u00e3o, j\u00e1 foram soltos e est\u00e3o respondendo por les\u00e3o corporal. Mas, se o torcedor do Flamengo que est\u00e1 em estado grave vier a \u00f3bito, estes torcedores poder\u00e3o responder por homic\u00eddio.<\/p>\n","protected":false},"excerpt":{"rendered":"<p>Colaborou Jota Silva O confronto entre torcedores de Flamengo e Palmeiras que transformou o est\u00e1dio Man\u00e9 Garrincha numa verdadeira pra\u00e7a de guerra na tarde deste domingo (05), durante a partida v\u00e1lida pela sexta rodada do Brasileir\u00e3o da s\u00e9rie A, est\u00e1 sendo investigada pelo STJD. O procurador da entidade, Paulo Schmidt, requisitou as imagens e a [&hellip;]<\/p>\n","protected":false},"author":1,"featured_media":1903,"comment_status":"open","ping_status":"closed","sticky":false,"template":"","format":"standard","meta":{"footnotes":""},"categories":[8],"tags":[],"class_list":["post-2056","post","type-post","status-publish","format-standard","has-post-thumbnail","hentry","category-futebol"],"_links":{"self":[{"href":"https:\/\/www.esportesbrasilia.com.br\/noticias\/wp-json\/wp\/v2\/posts\/2056","targetHints":{"allow":["GET"]}}],"collection":[{"href":"https:\/\/www.esportesbrasilia.com.br\/noticias\/wp-json\/wp\/v2\/posts"}],"about":[{"href":"https:\/\/www.esportesbrasilia.com.br\/noticias\/wp-json\/wp\/v2\/types\/post"}],"author":[{"embeddable":true,"href":"https:\/\/www.esportesbrasilia.com.br\/noticias\/wp-json\/wp\/v2\/users\/1"}],"replies":[{"embeddable":true,"href":"https:\/\/www.esportesbrasilia.com.br\/noticias\/wp-json\/wp\/v2\/comments?post=2056"}],"version-history":[{"count":1,"href":"https:\/\/www.esportesbrasilia.com.br\/noticias\/wp-json\/wp\/v2\/posts\/2056\/revisions"}],"predecessor-version":[{"id":2058,"href":"https:\/\/www.esportesbrasilia.com.br\/noticias\/wp-json\/wp\/v2\/posts\/2056\/revisions\/2058"}],"wp:featuredmedia":[{"embeddable":true,"href":"https:\/\/www.esportesbrasilia.com.br\/noticias\/wp-json\/wp\/v2\/media\/1903"}],"wp:attachment":[{"href":"https:\/\/www.esportesbrasilia.com.br\/noticias\/wp-json\/wp\/v2\/media?parent=2056"}],"wp:term":[{"taxonomy":"category","embeddable":true,"href":"https:\/\/www.esportesbrasilia.com.br\/noticias\/wp-json\/wp\/v2\/categories?post=2056"},{"taxonomy":"post_tag","embeddable":true,"href":"https:\/\/www.esportesbrasilia.com.br\/noticias\/wp-json\/wp\/v2\/tags?post=2056"}],"curies":[{"name":"wp","href":"https:\/\/api.w.org\/{rel}","templated":true}]}}