{"id":20426,"date":"2021-11-15T21:29:19","date_gmt":"2021-11-16T00:29:19","guid":{"rendered":"https:\/\/www.esportesbrasilia.com.br\/noticias\/?p=20426"},"modified":"2021-11-15T21:29:20","modified_gmt":"2021-11-16T00:29:20","slug":"apos-cinco-derrotas-no-nbb-brasilia-basquete-tem-novo-treinador","status":"publish","type":"post","link":"https:\/\/www.esportesbrasilia.com.br\/noticias\/basquete\/apos-cinco-derrotas-no-nbb-brasilia-basquete-tem-novo-treinador.html","title":{"rendered":"Ap\u00f3s cinco derrotas no NBB, Bras\u00edlia Basquete tem novo treinador"},"content":{"rendered":"\n<p>Chegou ao fim a era Ricardo Oliveira no Bras\u00edlia Basquete. Ap\u00f3s perder os cinco jogos da equipe no in\u00edcio da temporada 2021\/2022 do NBB, o treinador foi demitido do elenco candango.<\/p>\n\n\n\n<p>Para o lugar de Ricardo, o Bras\u00edlia anunciou a contrata\u00e7\u00e3o do experiente Regis Marrelli, de 52 anos.<\/p>\n\n\n\n<p>Regis j\u00e1 est\u00e1 em Bras\u00edlia e comanda a equipe diante do Mogi das Cruzes, nesta sexta, no Ginasio Nilson Nelson. <\/p>\n\n\n\n<p>Aguarde mais informa\u00e7\u00f5es. <\/p>\n","protected":false},"excerpt":{"rendered":"<p>Chegou ao fim a era Ricardo Oliveira no Bras\u00edlia Basquete. Ap\u00f3s perder os cinco jogos da equipe no in\u00edcio da temporada 2021\/2022 do NBB, o treinador foi demitido do elenco candango. Para o lugar de Ricardo, o Bras\u00edlia anunciou a contrata\u00e7\u00e3o do experiente Regis Marrelli, de 52 anos. Regis j\u00e1 est\u00e1 em Bras\u00edlia e comanda [&hellip;]<\/p>\n","protected":false},"author":2,"featured_media":14847,"comment_status":"closed","ping_status":"closed","sticky":false,"template":"","format":"standard","meta":{"footnotes":""},"categories":[12],"tags":[],"class_list":["post-20426","post","type-post","status-publish","format-standard","has-post-thumbnail","hentry","category-basquete"],"_links":{"self":[{"href":"https:\/\/www.esportesbrasilia.com.br\/noticias\/wp-json\/wp\/v2\/posts\/20426","targetHints":{"allow":["GET"]}}],"collection":[{"href":"https:\/\/www.esportesbrasilia.com.br\/noticias\/wp-json\/wp\/v2\/posts"}],"about":[{"href":"https:\/\/www.esportesbrasilia.com.br\/noticias\/wp-json\/wp\/v2\/types\/post"}],"author":[{"embeddable":true,"href":"https:\/\/www.esportesbrasilia.com.br\/noticias\/wp-json\/wp\/v2\/users\/2"}],"replies":[{"embeddable":true,"href":"https:\/\/www.esportesbrasilia.com.br\/noticias\/wp-json\/wp\/v2\/comments?post=20426"}],"version-history":[{"count":1,"href":"https:\/\/www.esportesbrasilia.com.br\/noticias\/wp-json\/wp\/v2\/posts\/20426\/revisions"}],"predecessor-version":[{"id":20427,"href":"https:\/\/www.esportesbrasilia.com.br\/noticias\/wp-json\/wp\/v2\/posts\/20426\/revisions\/20427"}],"wp:featuredmedia":[{"embeddable":true,"href":"https:\/\/www.esportesbrasilia.com.br\/noticias\/wp-json\/wp\/v2\/media\/14847"}],"wp:attachment":[{"href":"https:\/\/www.esportesbrasilia.com.br\/noticias\/wp-json\/wp\/v2\/media?parent=20426"}],"wp:term":[{"taxonomy":"category","embeddable":true,"href":"https:\/\/www.esportesbrasilia.com.br\/noticias\/wp-json\/wp\/v2\/categories?post=20426"},{"taxonomy":"post_tag","embeddable":true,"href":"https:\/\/www.esportesbrasilia.com.br\/noticias\/wp-json\/wp\/v2\/tags?post=20426"}],"curies":[{"name":"wp","href":"https:\/\/api.w.org\/{rel}","templated":true}]}}