{"id":20382,"date":"2021-11-07T13:26:18","date_gmt":"2021-11-07T16:26:18","guid":{"rendered":"https:\/\/www.esportesbrasilia.com.br\/noticias\/?p=20382"},"modified":"2021-11-07T13:31:12","modified_gmt":"2021-11-07T16:31:12","slug":"eliminacoes-na-copa-verde-e-no-brasileirao-serie-d-derrubam-tecnico-do-brasiliense","status":"publish","type":"post","link":"https:\/\/www.esportesbrasilia.com.br\/noticias\/futebol\/eliminacoes-na-copa-verde-e-no-brasileirao-serie-d-derrubam-tecnico-do-brasiliense.html","title":{"rendered":"Elimina\u00e7\u00f5es na Copa Verde e no Brasileir\u00e3o S\u00e9rie D derrubam t\u00e9cnico do Brasiliense"},"content":{"rendered":"\n<p><strong>Foto: Lu\u00e3 Tomasson\/Brasiliense FC<\/strong><\/p>\n\n\n\n<p>81 dias. Foi esse o per\u00edodo que durou a era Luan Carlos Neto no comando do Brasiliense. Na tarde deste domingo (07), por meio das redes sociais do clube, o Jacar\u00e9 anunciou a demiss\u00e3o do jovem treinador de 29 anos.<\/p>\n\n\n\n<p>Luan Carlos comandou o Brasiliense em nove oportunidades, obtendo um aproveitamento de 37%. Foram duas vit\u00f3rias, quatro empates e tr\u00eas derrotas, acumulando duas elimina\u00e7\u00f5es: para a Ferrovi\u00e1ria\/SP, no Brasileir\u00e3o S\u00e9rie D, e para o Nova Mutum\/MT, na Copa Verde.<\/p>\n\n\n\n<p>Ainda n\u00e3o se sabe quem assumir\u00e1 o comando do Brasiliense para a temporada 2022. Existe a expectativa de que, al\u00e9m de Luan Carlos, do auxiliar t\u00e9cnico Wellington Augusto, e do preparador f\u00edsico Janderson Bessa, alguns jogadores possam deixar o elenco nos pr\u00f3ximos dias.<\/p>\n","protected":false},"excerpt":{"rendered":"<p>Foto: Lu\u00e3 Tomasson\/Brasiliense FC 81 dias. Foi esse o per\u00edodo que durou a era Luan Carlos Neto no comando do Brasiliense. Na tarde deste domingo (07), por meio das redes sociais do clube, o Jacar\u00e9 anunciou a demiss\u00e3o do jovem treinador de 29 anos. Luan Carlos comandou o Brasiliense em nove oportunidades, obtendo um aproveitamento [&hellip;]<\/p>\n","protected":false},"author":2,"featured_media":20383,"comment_status":"closed","ping_status":"closed","sticky":false,"template":"","format":"standard","meta":{"footnotes":""},"categories":[8],"tags":[],"class_list":["post-20382","post","type-post","status-publish","format-standard","has-post-thumbnail","hentry","category-futebol"],"_links":{"self":[{"href":"https:\/\/www.esportesbrasilia.com.br\/noticias\/wp-json\/wp\/v2\/posts\/20382","targetHints":{"allow":["GET"]}}],"collection":[{"href":"https:\/\/www.esportesbrasilia.com.br\/noticias\/wp-json\/wp\/v2\/posts"}],"about":[{"href":"https:\/\/www.esportesbrasilia.com.br\/noticias\/wp-json\/wp\/v2\/types\/post"}],"author":[{"embeddable":true,"href":"https:\/\/www.esportesbrasilia.com.br\/noticias\/wp-json\/wp\/v2\/users\/2"}],"replies":[{"embeddable":true,"href":"https:\/\/www.esportesbrasilia.com.br\/noticias\/wp-json\/wp\/v2\/comments?post=20382"}],"version-history":[{"count":2,"href":"https:\/\/www.esportesbrasilia.com.br\/noticias\/wp-json\/wp\/v2\/posts\/20382\/revisions"}],"predecessor-version":[{"id":20385,"href":"https:\/\/www.esportesbrasilia.com.br\/noticias\/wp-json\/wp\/v2\/posts\/20382\/revisions\/20385"}],"wp:featuredmedia":[{"embeddable":true,"href":"https:\/\/www.esportesbrasilia.com.br\/noticias\/wp-json\/wp\/v2\/media\/20383"}],"wp:attachment":[{"href":"https:\/\/www.esportesbrasilia.com.br\/noticias\/wp-json\/wp\/v2\/media?parent=20382"}],"wp:term":[{"taxonomy":"category","embeddable":true,"href":"https:\/\/www.esportesbrasilia.com.br\/noticias\/wp-json\/wp\/v2\/categories?post=20382"},{"taxonomy":"post_tag","embeddable":true,"href":"https:\/\/www.esportesbrasilia.com.br\/noticias\/wp-json\/wp\/v2\/tags?post=20382"}],"curies":[{"name":"wp","href":"https:\/\/api.w.org\/{rel}","templated":true}]}}