{"id":20337,"date":"2021-10-25T01:04:38","date_gmt":"2021-10-25T04:04:38","guid":{"rendered":"https:\/\/www.esportesbrasilia.com.br\/noticias\/?p=20337"},"modified":"2021-10-25T01:04:39","modified_gmt":"2021-10-25T04:04:39","slug":"estreia-do-brasilia-volei-na-superliga-masculina-e-adiada","status":"publish","type":"post","link":"https:\/\/www.esportesbrasilia.com.br\/noticias\/volei\/estreia-do-brasilia-volei-na-superliga-masculina-e-adiada.html","title":{"rendered":"Estreia do Bras\u00edlia V\u00f4lei na Superliga Masculina \u00e9 adiada"},"content":{"rendered":"\n<p><strong>Foto: Reprodu\u00e7\u00e3o<\/strong><\/p>\n\n\n\n<p>O time masculino do Bras\u00edlia V\u00f4lei deveria ter estreado na Superliga Masculina 2021 no \u00faltimo s\u00e1bado, diante do Am\u00e9rica Mineiro. Deveria.<\/p>\n\n\n\n<p>O jogo foi adiado para uma data a ser marcada pela Confedera\u00e7\u00e3o Brasileira de V\u00f4lei por conta dos incidentes no gin\u00e1sio Tancredo Neves, em Montes Claros\/MG. A forte chuva que caiu na cidade danificou o teto do local, al\u00e9m de deixar a parte el\u00e9trica sem funcionar e deteriorar a estrutura do gin\u00e1sio.<\/p>\n\n\n\n<p>Segundo o Am\u00e9rica Mineiro, &#8220;a situa\u00e7\u00e3o do gin\u00e1sio, neste momento, oferece risco \u00e0 popula\u00e7\u00e3o que mora no entorno do local, apresentando imin\u00eancia de telhas se soltarem e atingirem os moradores, principalmente alunos da escola municipal vizinha ao gin\u00e1sio&#8221;.<\/p>\n\n\n\n<p>Com isso, a estreia do Bras\u00edlia V\u00f4lei ser\u00e1 no dia 31 de outubro, \u00e0s 21h30, diante do V\u00f4lei Natal, no gin\u00e1sio do SESI Taguatinga Norte.<\/p>\n","protected":false},"excerpt":{"rendered":"<p>Foto: Reprodu\u00e7\u00e3o O time masculino do Bras\u00edlia V\u00f4lei deveria ter estreado na Superliga Masculina 2021 no \u00faltimo s\u00e1bado, diante do Am\u00e9rica Mineiro. Deveria. O jogo foi adiado para uma data a ser marcada pela Confedera\u00e7\u00e3o Brasileira de V\u00f4lei por conta dos incidentes no gin\u00e1sio Tancredo Neves, em Montes Claros\/MG. A forte chuva que caiu na [&hellip;]<\/p>\n","protected":false},"author":2,"featured_media":20339,"comment_status":"closed","ping_status":"closed","sticky":false,"template":"","format":"standard","meta":{"footnotes":""},"categories":[11],"tags":[],"class_list":["post-20337","post","type-post","status-publish","format-standard","has-post-thumbnail","hentry","category-volei"],"_links":{"self":[{"href":"https:\/\/www.esportesbrasilia.com.br\/noticias\/wp-json\/wp\/v2\/posts\/20337","targetHints":{"allow":["GET"]}}],"collection":[{"href":"https:\/\/www.esportesbrasilia.com.br\/noticias\/wp-json\/wp\/v2\/posts"}],"about":[{"href":"https:\/\/www.esportesbrasilia.com.br\/noticias\/wp-json\/wp\/v2\/types\/post"}],"author":[{"embeddable":true,"href":"https:\/\/www.esportesbrasilia.com.br\/noticias\/wp-json\/wp\/v2\/users\/2"}],"replies":[{"embeddable":true,"href":"https:\/\/www.esportesbrasilia.com.br\/noticias\/wp-json\/wp\/v2\/comments?post=20337"}],"version-history":[{"count":1,"href":"https:\/\/www.esportesbrasilia.com.br\/noticias\/wp-json\/wp\/v2\/posts\/20337\/revisions"}],"predecessor-version":[{"id":20340,"href":"https:\/\/www.esportesbrasilia.com.br\/noticias\/wp-json\/wp\/v2\/posts\/20337\/revisions\/20340"}],"wp:featuredmedia":[{"embeddable":true,"href":"https:\/\/www.esportesbrasilia.com.br\/noticias\/wp-json\/wp\/v2\/media\/20339"}],"wp:attachment":[{"href":"https:\/\/www.esportesbrasilia.com.br\/noticias\/wp-json\/wp\/v2\/media?parent=20337"}],"wp:term":[{"taxonomy":"category","embeddable":true,"href":"https:\/\/www.esportesbrasilia.com.br\/noticias\/wp-json\/wp\/v2\/categories?post=20337"},{"taxonomy":"post_tag","embeddable":true,"href":"https:\/\/www.esportesbrasilia.com.br\/noticias\/wp-json\/wp\/v2\/tags?post=20337"}],"curies":[{"name":"wp","href":"https:\/\/api.w.org\/{rel}","templated":true}]}}