{"id":20314,"date":"2021-10-19T23:54:41","date_gmt":"2021-10-20T02:54:41","guid":{"rendered":"https:\/\/www.esportesbrasilia.com.br\/noticias\/?p=20314"},"modified":"2021-10-19T23:54:42","modified_gmt":"2021-10-20T02:54:42","slug":"gdf-e-brb-iniciam-reforma-no-autodromo-internacional-nelson-piquet","status":"publish","type":"post","link":"https:\/\/www.esportesbrasilia.com.br\/noticias\/outros\/gdf-e-brb-iniciam-reforma-no-autodromo-internacional-nelson-piquet.html","title":{"rendered":"GDF e BRB iniciam reforma no Aut\u00f3dromo Internacional Nelson Piquet"},"content":{"rendered":"\n<p><strong>Foto: Vinicius de Melo\/Ag\u00eancia Bras\u00edlia<\/strong><\/p>\n\n\n\n<p>Os amantes de automobilismo no Distrito Federal receberam, nesta ter\u00e7a-feira (19), uma \u00f3tima not\u00edcia: a Terracap, o DER\/DF e o Banco de Bras\u00edlia assinaram um protocolo de inten\u00e7\u00f5es para que o banco, no futuro, assuma a gest\u00e3o do aut\u00f3dromo e transformar o espa\u00e7o em uma arena multiuso. Os tr\u00eas colaborar\u00e3o mutuamente para viabilizar a volta de atividades no aut\u00f3dromo.\u00a0<\/p>\n\n\n\n<p>Caso as condi\u00e7\u00f5es clim\u00e1ticas colaborem, a previs\u00e3o de finaliza\u00e7\u00e3o da reforma \u00e9 dezembro deste ano. De qualquer forma, o governo distrital defende que, no primeiro semestre de 2022, ser\u00e1 poss\u00edvel receber competi\u00e7\u00f5es automobil\u00edsticas no aut\u00f3dromo. Inclusive, o governador Ibaneis Rocha visitou a reforma nesta ter\u00e7a-feira (19).<\/p>\n\n\n\n<p>Al\u00e9m das \u00f3bvias inten\u00e7\u00f5es em receber eventos tradicionais de um aut\u00f3dromo, o BRB deseja possibilitar o uso de espa\u00e7o para ciclistas, caminhadas e corridas, kart\u00f3dromo, concession\u00e1rias de ve\u00edculos, pista off-road, centro m\u00e9dico e a manuten\u00e7\u00e3o do Cinema Drive-in, um dos ref\u00fagios dos brasilienses durante a pandemia de Covid-19.<\/p>\n\n\n\n<p>\u201cQueremos devolver o aut\u00f3dromo para\u00a0 a cidade cada vez mais integrado ao dia a dia e ter a maior quantidade de pessoas usufruindo deste espa\u00e7o p\u00fablico que se encontra fechado h\u00e1 tanto tempo\u201d, afirmou Paulo Henrique Costa, presidente do BRB.<\/p>\n\n\n\n<p><strong>Irregularidades travam as obras no aut\u00f3dromo<\/strong><\/p>\n\n\n\n<p>O Aut\u00f3dromo Internacional Nelson Piquet est\u00e1 fechado desde novembro de 2014, quando foram constatadas irregularidades pelo Tribunal de Contas do DF na licita\u00e7\u00e3o feita durante o governo Agnelo Queiroz (PT).<\/p>\n\n\n\n<p>Havia superfaturamento de R$ 34,8 milh\u00f5es, duplicidade de servi\u00e7os e falhas graves no projeto b\u00e1sico apresentado. Entre idas e vindas, com tentativas de parceria p\u00fablico-privadas e processos licitat\u00f3rios, agora, o conv\u00eanio entre GDF e BRB possibilitar\u00e1 a obra.<\/p>\n\n\n\n<p><strong>Stock Car j\u00e1 em dezembro?<\/strong><\/p>\n\n\n\n<p>Outra novidade \u00e9 o an\u00fancio do contrato assinado entre BRB e a Stock Car Brasil. A inten\u00e7\u00e3o \u00e9 realizar a \u00faltima corrida do ano de 2021 no Distrito Federal, j\u00e1 com as reformas conclu\u00eddas.<\/p>\n\n\n\n<p>No dia 25 de abril, em Goi\u00e2nia, o banco distrital assumiu como institui\u00e7\u00e3o banc\u00e1ria oficial da competi\u00e7\u00e3o de refer\u00eancia no Brasil.<\/p>\n","protected":false},"excerpt":{"rendered":"<p>Foto: Vinicius de Melo\/Ag\u00eancia Bras\u00edlia Os amantes de automobilismo no Distrito Federal receberam, nesta ter\u00e7a-feira (19), uma \u00f3tima not\u00edcia: a Terracap, o DER\/DF e o Banco de Bras\u00edlia assinaram um protocolo de inten\u00e7\u00f5es para que o banco, no futuro, assuma a gest\u00e3o do aut\u00f3dromo e transformar o espa\u00e7o em uma arena multiuso. Os tr\u00eas colaborar\u00e3o [&hellip;]<\/p>\n","protected":false},"author":37,"featured_media":20315,"comment_status":"closed","ping_status":"closed","sticky":false,"template":"","format":"standard","meta":{"footnotes":""},"categories":[2],"tags":[],"class_list":["post-20314","post","type-post","status-publish","format-standard","has-post-thumbnail","hentry","category-outros"],"_links":{"self":[{"href":"https:\/\/www.esportesbrasilia.com.br\/noticias\/wp-json\/wp\/v2\/posts\/20314","targetHints":{"allow":["GET"]}}],"collection":[{"href":"https:\/\/www.esportesbrasilia.com.br\/noticias\/wp-json\/wp\/v2\/posts"}],"about":[{"href":"https:\/\/www.esportesbrasilia.com.br\/noticias\/wp-json\/wp\/v2\/types\/post"}],"author":[{"embeddable":true,"href":"https:\/\/www.esportesbrasilia.com.br\/noticias\/wp-json\/wp\/v2\/users\/37"}],"replies":[{"embeddable":true,"href":"https:\/\/www.esportesbrasilia.com.br\/noticias\/wp-json\/wp\/v2\/comments?post=20314"}],"version-history":[{"count":1,"href":"https:\/\/www.esportesbrasilia.com.br\/noticias\/wp-json\/wp\/v2\/posts\/20314\/revisions"}],"predecessor-version":[{"id":20316,"href":"https:\/\/www.esportesbrasilia.com.br\/noticias\/wp-json\/wp\/v2\/posts\/20314\/revisions\/20316"}],"wp:featuredmedia":[{"embeddable":true,"href":"https:\/\/www.esportesbrasilia.com.br\/noticias\/wp-json\/wp\/v2\/media\/20315"}],"wp:attachment":[{"href":"https:\/\/www.esportesbrasilia.com.br\/noticias\/wp-json\/wp\/v2\/media?parent=20314"}],"wp:term":[{"taxonomy":"category","embeddable":true,"href":"https:\/\/www.esportesbrasilia.com.br\/noticias\/wp-json\/wp\/v2\/categories?post=20314"},{"taxonomy":"post_tag","embeddable":true,"href":"https:\/\/www.esportesbrasilia.com.br\/noticias\/wp-json\/wp\/v2\/tags?post=20314"}],"curies":[{"name":"wp","href":"https:\/\/api.w.org\/{rel}","templated":true}]}}