{"id":20241,"date":"2021-09-30T21:24:50","date_gmt":"2021-10-01T00:24:50","guid":{"rendered":"https:\/\/www.esportesbrasilia.com.br\/noticias\/?p=20241"},"modified":"2021-09-30T21:24:52","modified_gmt":"2021-10-01T00:24:52","slug":"tjdft-condena-flamengo-e-ffdf-por-confusao-em-jogo-de-2016","status":"publish","type":"post","link":"https:\/\/www.esportesbrasilia.com.br\/noticias\/futebol\/tjdft-condena-flamengo-e-ffdf-por-confusao-em-jogo-de-2016.html","title":{"rendered":"TJDFT condena Flamengo e FFDF por confus\u00e3o em jogo de 2016"},"content":{"rendered":"\n<p><strong>Foto: Carlos Teixeira &#8211; Arquivo EB<\/strong><\/p>\n\n\n\n<p>O Tribunal de Justi\u00e7a do Distrito Federal e Territ\u00f3rio (TJDFT) condenou, em segunda inst\u00e2ncia, o Flamengo e a Federa\u00e7\u00e3o de Futebol do DF por confronto entre torcedores. A confus\u00e3o aconteceu no Est\u00e1dio Nacional Man\u00e9 Garrincha em partida entre o rubro-negro e o Palmeiras, realizada em 5 de junho de 2016. A decis\u00e3o saiu nesta quarta-feira (29).<\/p>\n\n\n\n<p>\u00c0 \u00e9poca, ambos os times foram punidos pelo Superior Tribunal de Justi\u00e7a Desportiva ao pagamento de multa e perderam mandos de campo. Na decis\u00e3o de quarta-feira, time e federa\u00e7\u00e3o foram condenados a pagar R$ 282.856,00 por danos morais coletivos. O valor corresponde a 10% da renda de quase R$ 3 milh\u00f5es anunciada no border\u00f4 da partida, que teve quase 55 mil pessoas presentes.\u00a0<\/p>\n\n\n\n<p>Ap\u00f3s condena\u00e7\u00e3o em primeira inst\u00e2ncia, o Flamengo e a Federa\u00e7\u00e3o de Futebol do DF entraram com recurso, que foi indeferido nesta semana. Para o Minist\u00e9rio P\u00fablico, a seguran\u00e7a do est\u00e1dio era insuficiente, o que proporcionou condi\u00e7\u00f5es para as ocorr\u00eancias de viol\u00eancia.<\/p>\n\n\n\n<p>A FFDF entendeu que a responsabilidade por organizar a partida e, portanto, a d\u00edvida pela multa, pertence ao Flamengo. J\u00e1 o time carioca se recusa a pagar e o imbr\u00f3glio se arrasta h\u00e1 cinco anos.<\/p>\n\n\n\n<p>Procurada pela reportagem da <strong>Esportes Bras\u00edlia<\/strong>, a FFDF declarou que n\u00e3o comenta processos em curso e que apresentar\u00e1 recurso cab\u00edvel no momento oportuno.<\/p>\n\n\n\n<p>Flamengo e Palmeiras voltar\u00e3o a se enfrentar no dia 27 de novembro. Na ocasi\u00e3o, as equipes disputar\u00e3o em jogo \u00fanico a final da Libertadores da Am\u00e9rica. Partida acontece no Est\u00e1dio Centen\u00e1rio, em Montevid\u00e9u.<\/p>\n","protected":false},"excerpt":{"rendered":"<p>Foto: Carlos Teixeira &#8211; Arquivo EB O Tribunal de Justi\u00e7a do Distrito Federal e Territ\u00f3rio (TJDFT) condenou, em segunda inst\u00e2ncia, o Flamengo e a Federa\u00e7\u00e3o de Futebol do DF por confronto entre torcedores. A confus\u00e3o aconteceu no Est\u00e1dio Nacional Man\u00e9 Garrincha em partida entre o rubro-negro e o Palmeiras, realizada em 5 de junho de [&hellip;]<\/p>\n","protected":false},"author":25,"featured_media":2066,"comment_status":"closed","ping_status":"closed","sticky":false,"template":"","format":"standard","meta":{"footnotes":""},"categories":[8],"tags":[],"class_list":["post-20241","post","type-post","status-publish","format-standard","has-post-thumbnail","hentry","category-futebol"],"_links":{"self":[{"href":"https:\/\/www.esportesbrasilia.com.br\/noticias\/wp-json\/wp\/v2\/posts\/20241","targetHints":{"allow":["GET"]}}],"collection":[{"href":"https:\/\/www.esportesbrasilia.com.br\/noticias\/wp-json\/wp\/v2\/posts"}],"about":[{"href":"https:\/\/www.esportesbrasilia.com.br\/noticias\/wp-json\/wp\/v2\/types\/post"}],"author":[{"embeddable":true,"href":"https:\/\/www.esportesbrasilia.com.br\/noticias\/wp-json\/wp\/v2\/users\/25"}],"replies":[{"embeddable":true,"href":"https:\/\/www.esportesbrasilia.com.br\/noticias\/wp-json\/wp\/v2\/comments?post=20241"}],"version-history":[{"count":1,"href":"https:\/\/www.esportesbrasilia.com.br\/noticias\/wp-json\/wp\/v2\/posts\/20241\/revisions"}],"predecessor-version":[{"id":20242,"href":"https:\/\/www.esportesbrasilia.com.br\/noticias\/wp-json\/wp\/v2\/posts\/20241\/revisions\/20242"}],"wp:featuredmedia":[{"embeddable":true,"href":"https:\/\/www.esportesbrasilia.com.br\/noticias\/wp-json\/wp\/v2\/media\/2066"}],"wp:attachment":[{"href":"https:\/\/www.esportesbrasilia.com.br\/noticias\/wp-json\/wp\/v2\/media?parent=20241"}],"wp:term":[{"taxonomy":"category","embeddable":true,"href":"https:\/\/www.esportesbrasilia.com.br\/noticias\/wp-json\/wp\/v2\/categories?post=20241"},{"taxonomy":"post_tag","embeddable":true,"href":"https:\/\/www.esportesbrasilia.com.br\/noticias\/wp-json\/wp\/v2\/tags?post=20241"}],"curies":[{"name":"wp","href":"https:\/\/api.w.org\/{rel}","templated":true}]}}