{"id":20228,"date":"2021-09-29T17:42:49","date_gmt":"2021-09-29T20:42:49","guid":{"rendered":"https:\/\/www.esportesbrasilia.com.br\/noticias\/?p=20228"},"modified":"2021-09-29T17:42:50","modified_gmt":"2021-09-29T20:42:50","slug":"cbf-confirma-datas-e-horarios-das-partidas-dos-times-do-df-na-copa-verde","status":"publish","type":"post","link":"https:\/\/www.esportesbrasilia.com.br\/noticias\/futebol\/cbf-confirma-datas-e-horarios-das-partidas-dos-times-do-df-na-copa-verde.html","title":{"rendered":"CBF confirma datas e hor\u00e1rios das partidas dos times do DF na Copa Verde"},"content":{"rendered":"\n<p><strong>Foto: F\u00e1bio Pozzebom\/Ag\u00eancia Brasil<\/strong><\/p>\n\n\n\n<p>A Confedera\u00e7\u00e3o Brasileira de Futebol confirmou, na tarde desta quarta-feira (29), os hor\u00e1rios e datas dos jogos da primeira fase da Copa Verde 2021.<\/p>\n\n\n\n<p>O Distrito Federal ter\u00e1 dois representantes: Brasiliense, atual campe\u00e3o, e o Gama, campe\u00e3o do Candang\u00e3o 2020.<\/p>\n\n\n\n<p>A estreia do Brasiliense ser\u00e1 no dia 13 de outubro, \u00e0s 16h, no est\u00e1dio Serej\u00e3o, em Taguatinga, diante do Rio Branco de Vit\u00f3ria\/ES. J\u00e1 no dia 14 de outubro, \u00e0s 15h, o Gama receber\u00e1 o Aquidauanense\/MS, em local a ser confirmado.<\/p>\n\n\n\n<p>Caso haja empate nos 90 minutos, a decis\u00e3o do time classificado para a segunda fase ser\u00e1 nas penalidades m\u00e1ximas.<\/p>\n\n\n\n<p>Quem vencer do confronto entre Brasiliense e Rio Branco\/ES enfrentar\u00e1 o Cuiab\u00e1\/MT. J\u00e1 quem passar do jogo entre Gama e Aquidauanense\/MS encara o Atl\u00e9tico Acreano\/AC.<\/p>\n","protected":false},"excerpt":{"rendered":"<p>Foto: F\u00e1bio Pozzebom\/Ag\u00eancia Brasil A Confedera\u00e7\u00e3o Brasileira de Futebol confirmou, na tarde desta quarta-feira (29), os hor\u00e1rios e datas dos jogos da primeira fase da Copa Verde 2021. O Distrito Federal ter\u00e1 dois representantes: Brasiliense, atual campe\u00e3o, e o Gama, campe\u00e3o do Candang\u00e3o 2020. A estreia do Brasiliense ser\u00e1 no dia 13 de outubro, \u00e0s [&hellip;]<\/p>\n","protected":false},"author":2,"featured_media":20229,"comment_status":"closed","ping_status":"closed","sticky":false,"template":"","format":"standard","meta":{"footnotes":""},"categories":[8],"tags":[],"class_list":["post-20228","post","type-post","status-publish","format-standard","has-post-thumbnail","hentry","category-futebol"],"_links":{"self":[{"href":"https:\/\/www.esportesbrasilia.com.br\/noticias\/wp-json\/wp\/v2\/posts\/20228","targetHints":{"allow":["GET"]}}],"collection":[{"href":"https:\/\/www.esportesbrasilia.com.br\/noticias\/wp-json\/wp\/v2\/posts"}],"about":[{"href":"https:\/\/www.esportesbrasilia.com.br\/noticias\/wp-json\/wp\/v2\/types\/post"}],"author":[{"embeddable":true,"href":"https:\/\/www.esportesbrasilia.com.br\/noticias\/wp-json\/wp\/v2\/users\/2"}],"replies":[{"embeddable":true,"href":"https:\/\/www.esportesbrasilia.com.br\/noticias\/wp-json\/wp\/v2\/comments?post=20228"}],"version-history":[{"count":1,"href":"https:\/\/www.esportesbrasilia.com.br\/noticias\/wp-json\/wp\/v2\/posts\/20228\/revisions"}],"predecessor-version":[{"id":20230,"href":"https:\/\/www.esportesbrasilia.com.br\/noticias\/wp-json\/wp\/v2\/posts\/20228\/revisions\/20230"}],"wp:featuredmedia":[{"embeddable":true,"href":"https:\/\/www.esportesbrasilia.com.br\/noticias\/wp-json\/wp\/v2\/media\/20229"}],"wp:attachment":[{"href":"https:\/\/www.esportesbrasilia.com.br\/noticias\/wp-json\/wp\/v2\/media?parent=20228"}],"wp:term":[{"taxonomy":"category","embeddable":true,"href":"https:\/\/www.esportesbrasilia.com.br\/noticias\/wp-json\/wp\/v2\/categories?post=20228"},{"taxonomy":"post_tag","embeddable":true,"href":"https:\/\/www.esportesbrasilia.com.br\/noticias\/wp-json\/wp\/v2\/tags?post=20228"}],"curies":[{"name":"wp","href":"https:\/\/api.w.org\/{rel}","templated":true}]}}