{"id":20195,"date":"2021-09-22T18:42:09","date_gmt":"2021-09-22T21:42:09","guid":{"rendered":"https:\/\/www.esportesbrasilia.com.br\/noticias\/?p=20195"},"modified":"2021-09-22T18:42:10","modified_gmt":"2021-09-22T21:42:10","slug":"brasiliense-contrata-o-volante-ex-gama-para-a-disputa-da-copa-verde","status":"publish","type":"post","link":"https:\/\/www.esportesbrasilia.com.br\/noticias\/futebol\/brasiliense-contrata-o-volante-ex-gama-para-a-disputa-da-copa-verde.html","title":{"rendered":"Brasiliense contrata o volante ex-Gama para a disputa da Copa Verde"},"content":{"rendered":"\n<p><strong>Foto: Andr\u00e9 Gomes Brasiliense FC<\/strong><\/p>\n\n\n\n<p>O Brasiliense anunciou, nesta quarta-feira (22), a contrata\u00e7\u00e3o do atleta Jo\u00e3o Torres, de 22 anos. O jogador atua como volante e vestiu a camisa do Gama nesta temporada, mas atuou pela \u00faltima vez com a camisa do Bangu (RJ).<\/p>\n\n\n\n<p>Jo\u00e3o Torres foi revelado no Goi\u00e1s em 2019 e chega ao Brasiliense para oferecer juventude e balancear o experiente elenco. O atleta foi apresentado \u00e0 comiss\u00e3o t\u00e9cnica e ao resto do elenco nesta quarta-feira e j\u00e1 participou dos treinamentos.<\/p>\n\n\n\n<p>O refor\u00e7o foi contratado para a disputa da Copa Verde. O Jacar\u00e9, atual campe\u00e3o da competi\u00e7\u00e3o, estreia contra o Rio Branso (ES) em jogo \u00fanico a ser realizado no Serej\u00e3o entre os dias 13 e 14 de outubro. Caso se classifique, a equipe enfrentar\u00e1 o Cuiab\u00e1 na capital mato-grossense.<\/p>\n\n\n\n<p>A Copa Verde \u00e9, a princ\u00edpio, a \u00faltima competi\u00e7\u00e3o no calend\u00e1rio do Brasiliense nesta temporada. A equipe foi eliminada pela Ferrovi\u00e1ria na segunda rodada da S\u00e9rie D do Campeonato Brasileiro, mas entrou na justi\u00e7a pedindo a anula\u00e7\u00e3o da partida por uma penalidade m\u00e1xima marcada de maneira equivocada. O STJD acolheu a den\u00fancia.<\/p>\n","protected":false},"excerpt":{"rendered":"<p>Foto: Andr\u00e9 Gomes Brasiliense FC O Brasiliense anunciou, nesta quarta-feira (22), a contrata\u00e7\u00e3o do atleta Jo\u00e3o Torres, de 22 anos. O jogador atua como volante e vestiu a camisa do Gama nesta temporada, mas atuou pela \u00faltima vez com a camisa do Bangu (RJ). Jo\u00e3o Torres foi revelado no Goi\u00e1s em 2019 e chega ao [&hellip;]<\/p>\n","protected":false},"author":25,"featured_media":20196,"comment_status":"closed","ping_status":"closed","sticky":false,"template":"","format":"standard","meta":{"footnotes":""},"categories":[8],"tags":[],"class_list":["post-20195","post","type-post","status-publish","format-standard","has-post-thumbnail","hentry","category-futebol"],"_links":{"self":[{"href":"https:\/\/www.esportesbrasilia.com.br\/noticias\/wp-json\/wp\/v2\/posts\/20195","targetHints":{"allow":["GET"]}}],"collection":[{"href":"https:\/\/www.esportesbrasilia.com.br\/noticias\/wp-json\/wp\/v2\/posts"}],"about":[{"href":"https:\/\/www.esportesbrasilia.com.br\/noticias\/wp-json\/wp\/v2\/types\/post"}],"author":[{"embeddable":true,"href":"https:\/\/www.esportesbrasilia.com.br\/noticias\/wp-json\/wp\/v2\/users\/25"}],"replies":[{"embeddable":true,"href":"https:\/\/www.esportesbrasilia.com.br\/noticias\/wp-json\/wp\/v2\/comments?post=20195"}],"version-history":[{"count":1,"href":"https:\/\/www.esportesbrasilia.com.br\/noticias\/wp-json\/wp\/v2\/posts\/20195\/revisions"}],"predecessor-version":[{"id":20197,"href":"https:\/\/www.esportesbrasilia.com.br\/noticias\/wp-json\/wp\/v2\/posts\/20195\/revisions\/20197"}],"wp:featuredmedia":[{"embeddable":true,"href":"https:\/\/www.esportesbrasilia.com.br\/noticias\/wp-json\/wp\/v2\/media\/20196"}],"wp:attachment":[{"href":"https:\/\/www.esportesbrasilia.com.br\/noticias\/wp-json\/wp\/v2\/media?parent=20195"}],"wp:term":[{"taxonomy":"category","embeddable":true,"href":"https:\/\/www.esportesbrasilia.com.br\/noticias\/wp-json\/wp\/v2\/categories?post=20195"},{"taxonomy":"post_tag","embeddable":true,"href":"https:\/\/www.esportesbrasilia.com.br\/noticias\/wp-json\/wp\/v2\/tags?post=20195"}],"curies":[{"name":"wp","href":"https:\/\/api.w.org\/{rel}","templated":true}]}}