{"id":20193,"date":"2021-09-22T16:42:40","date_gmt":"2021-09-22T19:42:40","guid":{"rendered":"https:\/\/www.esportesbrasilia.com.br\/noticias\/?p=20193"},"modified":"2021-09-22T16:42:42","modified_gmt":"2021-09-22T19:42:42","slug":"ffdf-confirma-jogos-da-segunda-rodada-da-segundinha","status":"publish","type":"post","link":"https:\/\/www.esportesbrasilia.com.br\/noticias\/futebol\/ffdf-confirma-jogos-da-segunda-rodada-da-segundinha.html","title":{"rendered":"FFDF confirma jogos da segunda rodada da Segundinha"},"content":{"rendered":"\n<p>A Federa\u00e7\u00e3o de Futebol do Distrito Federal confirmou, nesta quarta-feira (22), os hor\u00e1rios das partidas da segunda rodada da Segundinha 2021. Ser\u00e3o tr\u00eas jogos no s\u00e1bado (25) e um no domingo (26).<\/p>\n\n\n\n<p>No s\u00e1bado pela manh\u00e3, o Bolamense realiza a partida de estreia na competi\u00e7\u00e3o diante do Planaltina. O confronto acontece \u00e0s 10h30, no est\u00e1dio Serra do Lago, em Luzi\u00e2nia.<\/p>\n\n\n\n<p>Pela tarde, ser\u00e3o dois jogos \u00e0s 15h. No Abadi\u00e3o, o Legi\u00e3o tamb\u00e9m faz a estreia na Segundinha diante do Cruzeiro. No est\u00e1dio Man\u00e9 Garrincha, o Bras\u00edlia enfrenta o Planaltina-GO.<\/p>\n\n\n\n<p>J\u00e1 no domingo, apenas um jogo fecha a segunda rodada. O Parano\u00e1 recebe o Brazl\u00e2ndia no est\u00e1dio Abadi\u00e3o \u00e0s 10h30.<\/p>\n\n\n\n<p>Pela chave A, Ceilandense e Bras\u00edlia dividem a lideran\u00e7a com tr\u00eas pontos. Por\u00e9m, o time de Ceil\u00e2ndia tem um saldo maior de gols (+4 a +3). Cruzeiro e Planaltina-GO est\u00e3o na terceira e quarta coloca\u00e7\u00f5es, respectivamente.<\/p>\n\n\n\n<p>Na chave B, o Brazl\u00e2ndia lidera isolado com tr\u00eas pontos. Parano\u00e1 e Planaltina est\u00e3o com um ponto e a ARUC segue zerada.<\/p>\n","protected":false},"excerpt":{"rendered":"<p>A Federa\u00e7\u00e3o de Futebol do Distrito Federal confirmou, nesta quarta-feira (22), os hor\u00e1rios das partidas da segunda rodada da Segundinha 2021. Ser\u00e3o tr\u00eas jogos no s\u00e1bado (25) e um no domingo (26). No s\u00e1bado pela manh\u00e3, o Bolamense realiza a partida de estreia na competi\u00e7\u00e3o diante do Planaltina. O confronto acontece \u00e0s 10h30, no est\u00e1dio [&hellip;]<\/p>\n","protected":false},"author":2,"featured_media":15742,"comment_status":"closed","ping_status":"closed","sticky":false,"template":"","format":"standard","meta":{"footnotes":""},"categories":[8],"tags":[],"class_list":["post-20193","post","type-post","status-publish","format-standard","has-post-thumbnail","hentry","category-futebol"],"_links":{"self":[{"href":"https:\/\/www.esportesbrasilia.com.br\/noticias\/wp-json\/wp\/v2\/posts\/20193","targetHints":{"allow":["GET"]}}],"collection":[{"href":"https:\/\/www.esportesbrasilia.com.br\/noticias\/wp-json\/wp\/v2\/posts"}],"about":[{"href":"https:\/\/www.esportesbrasilia.com.br\/noticias\/wp-json\/wp\/v2\/types\/post"}],"author":[{"embeddable":true,"href":"https:\/\/www.esportesbrasilia.com.br\/noticias\/wp-json\/wp\/v2\/users\/2"}],"replies":[{"embeddable":true,"href":"https:\/\/www.esportesbrasilia.com.br\/noticias\/wp-json\/wp\/v2\/comments?post=20193"}],"version-history":[{"count":1,"href":"https:\/\/www.esportesbrasilia.com.br\/noticias\/wp-json\/wp\/v2\/posts\/20193\/revisions"}],"predecessor-version":[{"id":20194,"href":"https:\/\/www.esportesbrasilia.com.br\/noticias\/wp-json\/wp\/v2\/posts\/20193\/revisions\/20194"}],"wp:featuredmedia":[{"embeddable":true,"href":"https:\/\/www.esportesbrasilia.com.br\/noticias\/wp-json\/wp\/v2\/media\/15742"}],"wp:attachment":[{"href":"https:\/\/www.esportesbrasilia.com.br\/noticias\/wp-json\/wp\/v2\/media?parent=20193"}],"wp:term":[{"taxonomy":"category","embeddable":true,"href":"https:\/\/www.esportesbrasilia.com.br\/noticias\/wp-json\/wp\/v2\/categories?post=20193"},{"taxonomy":"post_tag","embeddable":true,"href":"https:\/\/www.esportesbrasilia.com.br\/noticias\/wp-json\/wp\/v2\/tags?post=20193"}],"curies":[{"name":"wp","href":"https:\/\/api.w.org\/{rel}","templated":true}]}}