{"id":20164,"date":"2021-09-20T09:06:00","date_gmt":"2021-09-20T12:06:00","guid":{"rendered":"https:\/\/www.esportesbrasilia.com.br\/noticias\/?p=20164"},"modified":"2021-09-17T21:29:49","modified_gmt":"2021-09-18T00:29:49","slug":"brasilia-volei-estreia-nesta-semana-no-campeonato-mineiro-masculino","status":"publish","type":"post","link":"https:\/\/www.esportesbrasilia.com.br\/noticias\/volei\/brasilia-volei-estreia-nesta-semana-no-campeonato-mineiro-masculino.html","title":{"rendered":"Bras\u00edlia V\u00f4lei estreia nesta semana no Campeonato Mineiro Masculino"},"content":{"rendered":"\n<p>Na prepara\u00e7\u00e3o para a temporada 2021\/2022 da Superliga Masculina de v\u00f4lei, a primeira da hist\u00f3ria, o elenco masculino do Bras\u00edlia V\u00f4lei estreia na pr\u00f3xima semana como convidado do campeonato mineiro da modalidade.<\/p>\n\n\n\n<p>A estreia da equipe comandada por Marcelo Thiessen ser\u00e1 diante do Uberl\u00e2ndia V\u00f4lei\/MG na pr\u00f3xima quinta-feira (23), \u00e0s 18h, no gin\u00e1sio do Praia Clube Uberl\u00e2ndia.<\/p>\n\n\n\n<p>Grande parte do elenco do Bras\u00edlia V\u00f4lei que foi vice-campe\u00e3o da Superliga B 2021 foi mantido para a primeira divis\u00e3o nacional, caso do levantador Paulo Lamounier, central Diego Dutra e do l\u00edbero Matheus.<\/p>\n\n\n\n<p>O campeonato \u00e9 disputado em turno \u00fanico, com oito times. Al\u00e9m de Bras\u00edlia V\u00f4lei e Uberl\u00e2ndia V\u00f4lei, disputam a competi\u00e7\u00e3o o Am\u00e9rica\/Montes Claros, Minas T\u00eanis Clube, Olympico, Cruzeiro e o Praia Clube. Os quatro primeiros fazem as semifinais em chaveamento ol\u00edmpico e os vencedores disputam a grande final no dia 08 de outubro.<\/p>\n\n\n\n<p>Confira a tabela do Bras\u00edlia V\u00f4lei na competi\u00e7\u00e3o:<\/p>\n\n\n\n<p>23.09 18h &#8211; Bras\u00edlia V\u00f4lei x Uberl\u00e2ndia V\u00f4lei<br>24.09 18h &#8211; Bras\u00edlia V\u00f4lei x Olympico<br>25.09 16h &#8211; Bras\u00edlia V\u00f4lei x Minas T\u00eanis Clube<br>30.09 17h &#8211; Am\u00e9rica Montes Claros x Bras\u00edlia V\u00f4lei<br>01.10 17h &#8211; Cruzeiro x Bras\u00edlia V\u00f4lei<br>02.10 15h &#8211; Bras\u00edlia V\u00f4lei x Praia Clube<\/p>\n","protected":false},"excerpt":{"rendered":"<p>Na prepara\u00e7\u00e3o para a temporada 2021\/2022 da Superliga Masculina de v\u00f4lei, a primeira da hist\u00f3ria, o elenco masculino do Bras\u00edlia V\u00f4lei estreia na pr\u00f3xima semana como convidado do campeonato mineiro da modalidade. A estreia da equipe comandada por Marcelo Thiessen ser\u00e1 diante do Uberl\u00e2ndia V\u00f4lei\/MG na pr\u00f3xima quinta-feira (23), \u00e0s 18h, no gin\u00e1sio do Praia [&hellip;]<\/p>\n","protected":false},"author":2,"featured_media":8620,"comment_status":"closed","ping_status":"closed","sticky":false,"template":"","format":"standard","meta":{"footnotes":""},"categories":[11],"tags":[],"class_list":["post-20164","post","type-post","status-publish","format-standard","has-post-thumbnail","hentry","category-volei"],"_links":{"self":[{"href":"https:\/\/www.esportesbrasilia.com.br\/noticias\/wp-json\/wp\/v2\/posts\/20164","targetHints":{"allow":["GET"]}}],"collection":[{"href":"https:\/\/www.esportesbrasilia.com.br\/noticias\/wp-json\/wp\/v2\/posts"}],"about":[{"href":"https:\/\/www.esportesbrasilia.com.br\/noticias\/wp-json\/wp\/v2\/types\/post"}],"author":[{"embeddable":true,"href":"https:\/\/www.esportesbrasilia.com.br\/noticias\/wp-json\/wp\/v2\/users\/2"}],"replies":[{"embeddable":true,"href":"https:\/\/www.esportesbrasilia.com.br\/noticias\/wp-json\/wp\/v2\/comments?post=20164"}],"version-history":[{"count":1,"href":"https:\/\/www.esportesbrasilia.com.br\/noticias\/wp-json\/wp\/v2\/posts\/20164\/revisions"}],"predecessor-version":[{"id":20165,"href":"https:\/\/www.esportesbrasilia.com.br\/noticias\/wp-json\/wp\/v2\/posts\/20164\/revisions\/20165"}],"wp:featuredmedia":[{"embeddable":true,"href":"https:\/\/www.esportesbrasilia.com.br\/noticias\/wp-json\/wp\/v2\/media\/8620"}],"wp:attachment":[{"href":"https:\/\/www.esportesbrasilia.com.br\/noticias\/wp-json\/wp\/v2\/media?parent=20164"}],"wp:term":[{"taxonomy":"category","embeddable":true,"href":"https:\/\/www.esportesbrasilia.com.br\/noticias\/wp-json\/wp\/v2\/categories?post=20164"},{"taxonomy":"post_tag","embeddable":true,"href":"https:\/\/www.esportesbrasilia.com.br\/noticias\/wp-json\/wp\/v2\/tags?post=20164"}],"curies":[{"name":"wp","href":"https:\/\/api.w.org\/{rel}","templated":true}]}}