{"id":20160,"date":"2021-09-17T18:27:14","date_gmt":"2021-09-17T21:27:14","guid":{"rendered":"https:\/\/www.esportesbrasilia.com.br\/noticias\/?p=20160"},"modified":"2021-09-17T18:27:15","modified_gmt":"2021-09-17T21:27:15","slug":"stjd-nega-liminar-ao-legiao-e-decisao-do-candangao-juniores-e-ratificada","status":"publish","type":"post","link":"https:\/\/www.esportesbrasilia.com.br\/noticias\/futebol\/stjd-nega-liminar-ao-legiao-e-decisao-do-candangao-juniores-e-ratificada.html","title":{"rendered":"STJD nega liminar ao Legi\u00e3o e decis\u00e3o do Candang\u00e3o Juniores \u00e9 ratificada"},"content":{"rendered":"\n<p>Ap\u00f3s den\u00fancia do Legi\u00e3o no TJD\/DF de que um poss\u00edvel &#8220;gato&#8221; de um atleta do Taguatinga que disputava o Candang\u00e3o Juniores, que teria entrado em campo com documentos falsos, o time laranja candango resolveu ingressar no STJD pedindo a anula\u00e7\u00e3o do resultado das partidas e da disputa final entre a ave branca e o Real Bras\u00edlia.<\/p>\n\n\n\n<p>De acordo com reportagem do Distrito do Esporte, o Legi\u00e3o denunciou que um jogador do Taguatinga n\u00e3o teria 20 anos completos em 2021, al\u00e9m de ter registrado a certid\u00e3o de nascimento apenas em 2019. A den\u00fancia foi feita somente ap\u00f3s a elimina\u00e7\u00e3o do time laranja das semifinais da competi\u00e7\u00e3o.<\/p>\n\n\n\n<p>O TJD\/DF acabou arquivando a den\u00fancia alegando dois motivos: prescri\u00e7\u00e3o e aus\u00eancia de prova da fraude. N\u00e3o satisfeito, o Legi\u00e3o resolveu ir ao STJD, no Rio de Janeiro.<\/p>\n\n\n\n<p>Em resposta, dada na \u00faltima quinta-feira (16), o auditor do pleno Jos\u00e9 Perdiz de Jesus concordou com a decis\u00e3o do presidente do Tribunal, Ot\u00e1vio Noronha, de que o STJD n\u00e3o teria compet\u00eancia para julgar o caso, considerando que o papel de analisar o caso \u00e9 somente do TJD\/DF.<\/p>\n\n\n\n<p>Desta maneira, como o caso j\u00e1 foi arquivado pelo Tribunal local, o resultado do campeonato est\u00e1 mantido e Real Bras\u00edlia, campe\u00e3o, e Taguatinga, vice-campe\u00e3o, v\u00e3o representar o Distrito Federal na Copa S\u00e3o Paulo de Futebol Junior.<\/p>\n","protected":false},"excerpt":{"rendered":"<p>Ap\u00f3s den\u00fancia do Legi\u00e3o no TJD\/DF de que um poss\u00edvel &#8220;gato&#8221; de um atleta do Taguatinga que disputava o Candang\u00e3o Juniores, que teria entrado em campo com documentos falsos, o time laranja candango resolveu ingressar no STJD pedindo a anula\u00e7\u00e3o do resultado das partidas e da disputa final entre a ave branca e o Real [&hellip;]<\/p>\n","protected":false},"author":2,"featured_media":14895,"comment_status":"closed","ping_status":"closed","sticky":false,"template":"","format":"standard","meta":{"footnotes":""},"categories":[8],"tags":[],"class_list":["post-20160","post","type-post","status-publish","format-standard","has-post-thumbnail","hentry","category-futebol"],"_links":{"self":[{"href":"https:\/\/www.esportesbrasilia.com.br\/noticias\/wp-json\/wp\/v2\/posts\/20160","targetHints":{"allow":["GET"]}}],"collection":[{"href":"https:\/\/www.esportesbrasilia.com.br\/noticias\/wp-json\/wp\/v2\/posts"}],"about":[{"href":"https:\/\/www.esportesbrasilia.com.br\/noticias\/wp-json\/wp\/v2\/types\/post"}],"author":[{"embeddable":true,"href":"https:\/\/www.esportesbrasilia.com.br\/noticias\/wp-json\/wp\/v2\/users\/2"}],"replies":[{"embeddable":true,"href":"https:\/\/www.esportesbrasilia.com.br\/noticias\/wp-json\/wp\/v2\/comments?post=20160"}],"version-history":[{"count":1,"href":"https:\/\/www.esportesbrasilia.com.br\/noticias\/wp-json\/wp\/v2\/posts\/20160\/revisions"}],"predecessor-version":[{"id":20161,"href":"https:\/\/www.esportesbrasilia.com.br\/noticias\/wp-json\/wp\/v2\/posts\/20160\/revisions\/20161"}],"wp:featuredmedia":[{"embeddable":true,"href":"https:\/\/www.esportesbrasilia.com.br\/noticias\/wp-json\/wp\/v2\/media\/14895"}],"wp:attachment":[{"href":"https:\/\/www.esportesbrasilia.com.br\/noticias\/wp-json\/wp\/v2\/media?parent=20160"}],"wp:term":[{"taxonomy":"category","embeddable":true,"href":"https:\/\/www.esportesbrasilia.com.br\/noticias\/wp-json\/wp\/v2\/categories?post=20160"},{"taxonomy":"post_tag","embeddable":true,"href":"https:\/\/www.esportesbrasilia.com.br\/noticias\/wp-json\/wp\/v2\/tags?post=20160"}],"curies":[{"name":"wp","href":"https:\/\/api.w.org\/{rel}","templated":true}]}}