{"id":20106,"date":"2021-09-02T12:33:42","date_gmt":"2021-09-02T15:33:42","guid":{"rendered":"https:\/\/www.esportesbrasilia.com.br\/noticias\/?p=20106"},"modified":"2021-09-02T12:33:49","modified_gmt":"2021-09-02T15:33:49","slug":"ex-capitao-do-gama-e-o-primeiro-reforco-do-capital-para-o-candangao-2022","status":"publish","type":"post","link":"https:\/\/www.esportesbrasilia.com.br\/noticias\/futebol\/ex-capitao-do-gama-e-o-primeiro-reforco-do-capital-para-o-candangao-2022.html","title":{"rendered":"Ex-capit\u00e3o do Gama \u00e9 o primeiro refor\u00e7o do Capital para o Candang\u00e3o 2022"},"content":{"rendered":"\n<p>O Capital Clube de Futebol come\u00e7a a se preparar para a temporada 2022 do Campeonato Brasiliense. A coruja, que terminou a edi\u00e7\u00e3o do certame local deste ano na quinta posi\u00e7\u00e3o, j\u00e1 tem o primeiro refor\u00e7o para a pr\u00f3xima temporada. E \u00e9 um velho conhecido do futebol brasiliense.<\/p>\n\n\n\n<figure class=\"wp-block-image size-large\"><img loading=\"lazy\" decoding=\"async\" width=\"1024\" height=\"1024\" src=\"https:\/\/www.esportesbrasilia.com.br\/noticias\/wp-content\/uploads\/emerson_jc-1024x1024.jpg\" alt=\"\" class=\"wp-image-15654\" srcset=\"https:\/\/www.esportesbrasilia.com.br\/noticias\/wp-content\/uploads\/emerson_jc-1024x1024.jpg 1024w, https:\/\/www.esportesbrasilia.com.br\/noticias\/wp-content\/uploads\/emerson_jc-300x300.jpg 300w, https:\/\/www.esportesbrasilia.com.br\/noticias\/wp-content\/uploads\/emerson_jc-150x150.jpg 150w, https:\/\/www.esportesbrasilia.com.br\/noticias\/wp-content\/uploads\/emerson_jc-768x768.jpg 768w, https:\/\/www.esportesbrasilia.com.br\/noticias\/wp-content\/uploads\/emerson_jc-1536x1536.jpg 1536w, https:\/\/www.esportesbrasilia.com.br\/noticias\/wp-content\/uploads\/emerson_jc-80x80.jpg 80w, https:\/\/www.esportesbrasilia.com.br\/noticias\/wp-content\/uploads\/emerson_jc.jpg 2048w\" sizes=\"auto, (max-width: 1024px) 100vw, 1024px\" \/><figcaption>Emerson \u00e9 o primeiro refor\u00e7o do Capital para o Candang\u00e3o 2022 &#8211; Foto: J\u00falio C\u00e9sar Silva\/Ag\u00eancia EB<\/figcaption><\/figure>\n\n\n\n<p>Trata-se do zagueiro Emerson, de 38 anos, e que atuou nas duas \u00faltimas temporadas com a camisa do Juventude\/RS e que teve passagens pela Sociedade Esportiva do Gama. O jogador chegou a ser cotado para vestir a camisa do alviverde, mas o neg\u00f3cio n\u00e3o foi concretizado.<\/p>\n\n\n\n<p>O Capital poder\u00e1 sediar as partidas da pr\u00f3xima edi\u00e7\u00e3o do Candang\u00e3o no est\u00e1dio JK, na cidade do Parano\u00e1, que est\u00e1 em reforma. A coruja investe no local por meio da parceria com o Governo do Distrito Federal.<\/p>\n","protected":false},"excerpt":{"rendered":"<p>O Capital Clube de Futebol come\u00e7a a se preparar para a temporada 2022 do Campeonato Brasiliense. A coruja, que terminou a edi\u00e7\u00e3o do certame local deste ano na quinta posi\u00e7\u00e3o, j\u00e1 tem o primeiro refor\u00e7o para a pr\u00f3xima temporada. E \u00e9 um velho conhecido do futebol brasiliense. Trata-se do zagueiro Emerson, de 38 anos, e [&hellip;]<\/p>\n","protected":false},"author":2,"featured_media":8424,"comment_status":"closed","ping_status":"closed","sticky":false,"template":"","format":"standard","meta":{"footnotes":""},"categories":[8],"tags":[],"class_list":["post-20106","post","type-post","status-publish","format-standard","has-post-thumbnail","hentry","category-futebol"],"_links":{"self":[{"href":"https:\/\/www.esportesbrasilia.com.br\/noticias\/wp-json\/wp\/v2\/posts\/20106","targetHints":{"allow":["GET"]}}],"collection":[{"href":"https:\/\/www.esportesbrasilia.com.br\/noticias\/wp-json\/wp\/v2\/posts"}],"about":[{"href":"https:\/\/www.esportesbrasilia.com.br\/noticias\/wp-json\/wp\/v2\/types\/post"}],"author":[{"embeddable":true,"href":"https:\/\/www.esportesbrasilia.com.br\/noticias\/wp-json\/wp\/v2\/users\/2"}],"replies":[{"embeddable":true,"href":"https:\/\/www.esportesbrasilia.com.br\/noticias\/wp-json\/wp\/v2\/comments?post=20106"}],"version-history":[{"count":1,"href":"https:\/\/www.esportesbrasilia.com.br\/noticias\/wp-json\/wp\/v2\/posts\/20106\/revisions"}],"predecessor-version":[{"id":20107,"href":"https:\/\/www.esportesbrasilia.com.br\/noticias\/wp-json\/wp\/v2\/posts\/20106\/revisions\/20107"}],"wp:featuredmedia":[{"embeddable":true,"href":"https:\/\/www.esportesbrasilia.com.br\/noticias\/wp-json\/wp\/v2\/media\/8424"}],"wp:attachment":[{"href":"https:\/\/www.esportesbrasilia.com.br\/noticias\/wp-json\/wp\/v2\/media?parent=20106"}],"wp:term":[{"taxonomy":"category","embeddable":true,"href":"https:\/\/www.esportesbrasilia.com.br\/noticias\/wp-json\/wp\/v2\/categories?post=20106"},{"taxonomy":"post_tag","embeddable":true,"href":"https:\/\/www.esportesbrasilia.com.br\/noticias\/wp-json\/wp\/v2\/tags?post=20106"}],"curies":[{"name":"wp","href":"https:\/\/api.w.org\/{rel}","templated":true}]}}