{"id":20101,"date":"2021-09-02T09:12:00","date_gmt":"2021-09-02T12:12:00","guid":{"rendered":"https:\/\/www.esportesbrasilia.com.br\/noticias\/?p=20101"},"modified":"2021-09-01T23:26:19","modified_gmt":"2021-09-02T02:26:19","slug":"um-2021-pra-se-esquecer-qual-sera-o-futuro-do-gama-apos-a-serie-d","status":"publish","type":"post","link":"https:\/\/www.esportesbrasilia.com.br\/noticias\/futebol\/um-2021-pra-se-esquecer-qual-sera-o-futuro-do-gama-apos-a-serie-d.html","title":{"rendered":"Um 2021 pra se esquecer: qual ser\u00e1 o futuro do Gama ap\u00f3s a S\u00e9rie D?"},"content":{"rendered":"\n<p><strong>Foto: Gabriel Teles\/SE Gama<\/strong><\/p>\n\n\n\n<p>A situa\u00e7\u00e3o est\u00e1 complicada pelo lado do Alviverde candango. A equipe est\u00e1 h\u00e1 12 jogos sem saber o que \u00e9 vit\u00f3ria, vive uma crise interna sem precedentes e tenta terminar a competi\u00e7\u00e3o de maneira honrosa, contra o lanterna Jaragu\u00e1-GO na quarta divis\u00e3o nacional, neste s\u00e1bado (01).<\/p>\n\n\n\n<p>Informa\u00e7\u00f5es de uma fonte \u00e0 reportagem da <strong>Esportes Bras\u00edlia<\/strong> d\u00e3o conta de que o Gama tem uma d\u00edvida avaliada em 15 milh\u00f5es de reais. Al\u00e9m de dever fornecedores, parte da folha de pagamento de alguns meses est\u00e1 em aberto, incluindo a \u00faltima, o que tem complicado a perman\u00eancia e a reestrutura\u00e7\u00e3o do clube.<\/p>\n\n\n\n<p>A escassez de recursos atrapalhou o time durante boa parte da temporada. Por conta desse d\u00e9ficit em mais uma folha salarial, restou ao clube rescindir o contrato de atletas que chegaram ainda este ano. N\u00e3o vestem mais a camisa do Gama os jogadores:\u00a0 L\u00e9o Unamuzaga (goleiro), Vinicius, Gabriel Arantes e Gabiga (defensores); Vitinho, Robertinho, Pedro Henrique, Hugo Almeida e Igor Paim (atacantes).<\/p>\n\n\n\n<figure class=\"wp-block-image size-large\"><img loading=\"lazy\" decoding=\"async\" width=\"1024\" height=\"681\" src=\"https:\/\/www.esportesbrasilia.com.br\/noticias\/wp-content\/uploads\/leounamuzaga_segama-1024x681.jpg\" alt=\"\" class=\"wp-image-20102\" srcset=\"https:\/\/www.esportesbrasilia.com.br\/noticias\/wp-content\/uploads\/leounamuzaga_segama-1024x681.jpg 1024w, https:\/\/www.esportesbrasilia.com.br\/noticias\/wp-content\/uploads\/leounamuzaga_segama-300x200.jpg 300w, https:\/\/www.esportesbrasilia.com.br\/noticias\/wp-content\/uploads\/leounamuzaga_segama-768x511.jpg 768w, https:\/\/www.esportesbrasilia.com.br\/noticias\/wp-content\/uploads\/leounamuzaga_segama-1536x1021.jpg 1536w, https:\/\/www.esportesbrasilia.com.br\/noticias\/wp-content\/uploads\/leounamuzaga_segama.jpg 1600w\" sizes=\"auto, (max-width: 1024px) 100vw, 1024px\" \/><figcaption>Goleiro L\u00e9o Unamuzaga, ap\u00f3s duas temporadas, deixou o alviverde no meio da s\u00e9rie D &#8211; Foto: Gabriel Teles\/SEGama<\/figcaption><\/figure>\n\n\n\n<p>O Gama j\u00e1 vinha de uma vagarosa crise econ\u00f4mica. No ano passado, o periquito precisou desfazer o elenco e a comiss\u00e3o t\u00e9cnica que conquistou o bicampeonato candango de forma consecutiva nas duas \u00faltimas edi\u00e7\u00f5es devido ao mesmo problema de gest\u00e3o.<\/p>\n\n\n\n<p>Este ano n\u00e3o foi diferente. O time tomou a mesma medida ainda no meio da S\u00e9rie D do Campeonato Brasileiro, al\u00e9m de promover pratas da casa, \u00fateis para desvanecer os problemas de dentro do Ninho do Periquito.<\/p>\n\n\n\n<p>Em v\u00e1rios momentos de decis\u00e3o ao t\u00e9cnico Marcelo Caranhato, o time precisou se reorganizar dentro da competi\u00e7\u00e3o utilizando um banco de reservas recheado por atletas da equipe sub-20, incluindo a necessidade de dois goleiros, para suprir jogadores de linha do mesmo banco.<\/p>\n\n\n\n<p>O alviverde apostou nas categorias de base, com seis jogadores formados no clube: Enzo Gabriel (goleiro); Douglas Alves e Wesley Moreira (defensores); Matheus Dias, Vitor Cesar e Iago Custodio (meio-campistas).<\/p>\n\n\n\n<p>Com o imbr\u00f3glio em situa\u00e7\u00e3o latente, tudo indica que mais dispensas devem acontecer nos pr\u00f3ximos dias e mais promessas da base devem integrar o elenco principal at\u00e9 a Copa Verde, que ter\u00e1 in\u00edcio no m\u00eas de outubro. O j\u00e1 eliminado Gama voltar\u00e1 a campo neste s\u00e1bado (04), \u00e0s 16h, pela \u00faltima rodada da fase de grupos da s\u00e9rie D, no Est\u00e1dio Ciro Machado, diante do Jaragu\u00e1\/GO.<\/p>\n","protected":false},"excerpt":{"rendered":"<p>Foto: Gabriel Teles\/SE Gama A situa\u00e7\u00e3o est\u00e1 complicada pelo lado do Alviverde candango. A equipe est\u00e1 h\u00e1 12 jogos sem saber o que \u00e9 vit\u00f3ria, vive uma crise interna sem precedentes e tenta terminar a competi\u00e7\u00e3o de maneira honrosa, contra o lanterna Jaragu\u00e1-GO na quarta divis\u00e3o nacional, neste s\u00e1bado (01). Informa\u00e7\u00f5es de uma fonte \u00e0 [&hellip;]<\/p>\n","protected":false},"author":2,"featured_media":20103,"comment_status":"closed","ping_status":"closed","sticky":false,"template":"","format":"standard","meta":{"footnotes":""},"categories":[8],"tags":[],"class_list":["post-20101","post","type-post","status-publish","format-standard","has-post-thumbnail","hentry","category-futebol"],"_links":{"self":[{"href":"https:\/\/www.esportesbrasilia.com.br\/noticias\/wp-json\/wp\/v2\/posts\/20101","targetHints":{"allow":["GET"]}}],"collection":[{"href":"https:\/\/www.esportesbrasilia.com.br\/noticias\/wp-json\/wp\/v2\/posts"}],"about":[{"href":"https:\/\/www.esportesbrasilia.com.br\/noticias\/wp-json\/wp\/v2\/types\/post"}],"author":[{"embeddable":true,"href":"https:\/\/www.esportesbrasilia.com.br\/noticias\/wp-json\/wp\/v2\/users\/2"}],"replies":[{"embeddable":true,"href":"https:\/\/www.esportesbrasilia.com.br\/noticias\/wp-json\/wp\/v2\/comments?post=20101"}],"version-history":[{"count":1,"href":"https:\/\/www.esportesbrasilia.com.br\/noticias\/wp-json\/wp\/v2\/posts\/20101\/revisions"}],"predecessor-version":[{"id":20104,"href":"https:\/\/www.esportesbrasilia.com.br\/noticias\/wp-json\/wp\/v2\/posts\/20101\/revisions\/20104"}],"wp:featuredmedia":[{"embeddable":true,"href":"https:\/\/www.esportesbrasilia.com.br\/noticias\/wp-json\/wp\/v2\/media\/20103"}],"wp:attachment":[{"href":"https:\/\/www.esportesbrasilia.com.br\/noticias\/wp-json\/wp\/v2\/media?parent=20101"}],"wp:term":[{"taxonomy":"category","embeddable":true,"href":"https:\/\/www.esportesbrasilia.com.br\/noticias\/wp-json\/wp\/v2\/categories?post=20101"},{"taxonomy":"post_tag","embeddable":true,"href":"https:\/\/www.esportesbrasilia.com.br\/noticias\/wp-json\/wp\/v2\/tags?post=20101"}],"curies":[{"name":"wp","href":"https:\/\/api.w.org\/{rel}","templated":true}]}}