{"id":20089,"date":"2021-08-31T10:57:00","date_gmt":"2021-08-31T13:57:00","guid":{"rendered":"https:\/\/www.esportesbrasilia.com.br\/noticias\/?p=20089"},"modified":"2021-08-31T13:44:06","modified_gmt":"2021-08-31T16:44:06","slug":"por-conflito-com-jogos-importantes-final-do-candangao-juniores-e-antecipada","status":"publish","type":"post","link":"https:\/\/www.esportesbrasilia.com.br\/noticias\/futebol\/por-conflito-com-jogos-importantes-final-do-candangao-juniores-e-antecipada.html","title":{"rendered":"Por conflito com jogos importantes, final do Candang\u00e3o Juniores \u00e9 antecipada"},"content":{"rendered":"\n<p>A Federa\u00e7\u00e3o de Futebol do Distrito Federal anunciou, na tarde desta segunda-feira (30), que a grande decis\u00e3o do Candang\u00e3o Juniores foi antecipada. Anteriormente marcado para o pr\u00f3ximo domingo (05.09), \u00e0s 15 horas, o t\u00edtulo ser\u00e1 disputado entre Real Bras\u00edlia e Taguatinga nesta sexta-feira (03.09), \u00e0s 15h30, no est\u00e1dio Ciro Machado do Esp\u00edrito Santo.<\/p>\n\n\n\n<p>A explica\u00e7\u00e3o oficial para a antecipa\u00e7\u00e3o da partida foi a de que, sempre preocupados com a visibilidade dos campeonatos que realiza, caso o confronto acontecesse no fim de semana, haveria choque de hor\u00e1rio com as partidas de Brasil e Argentina, pelas Eliminat\u00f3rias Sul-Americanas da Copa do Mundo da FIFA Qatar 2022, e Gama e Jaragu\u00e1\/GO, pelo Brasileir\u00e3o S\u00e9rie D.<\/p>\n\n\n\n<p>A partida que ser\u00e1 realizada no s\u00e1bado (04.09), no Est\u00e1dio Ciro Machado, na Vila Planalto, entre Gama e Jaragu\u00e1, pela S\u00e9rie D, tamb\u00e9m impossibilitou a realiza\u00e7\u00e3o da decis\u00e3o do campeonato no mesmo dia, pois o Real Bras\u00edlia emprestou o est\u00e1dio para que o Gama possa sediar os jogos na quarta divis\u00e3o nacional.<\/p>\n\n\n\n<p>Por quest\u00f5es de cuidado do gramado, n\u00e3o \u00e9 poss\u00edvel realizar duas partidas de futebol no mesmo dia. O Gama jogar\u00e1 j\u00e1 eliminado da competi\u00e7\u00e3o, assim como o lanterninha do grupo 5, o Jaragu\u00e1.<\/p>\n\n\n\n<p>E em respeito ao ouvinte e telespectador, a <strong>Esportes Bras\u00edlia<\/strong> transmitir\u00e1 a final do Candang\u00e3o Juniores nesta sexta-feira, \u00e0s 15h30, entre Real Bras\u00edlia e Taguatinga, direto do est\u00e1dio Ciro Machado do Esp\u00edrito Santo. No jogo de ida, o Le\u00e3o do Planalto venceu por 1&#215;0. Confira abaixo o gol:<\/p>\n\n\n\n<figure class=\"wp-block-embed is-type-video is-provider-youtube wp-block-embed-youtube wp-embed-aspect-16-9 wp-has-aspect-ratio\"><div class=\"wp-block-embed__wrapper\">\n<iframe loading=\"lazy\" title=\"Gol - Taguatinga 0x1 Real Bras\u00edlia - FINAL Candang\u00e3o Juniores 2021\" width=\"740\" height=\"416\" src=\"https:\/\/www.youtube.com\/embed\/0_OFx0qK_2w?feature=oembed\" frameborder=\"0\" allow=\"accelerometer; autoplay; clipboard-write; encrypted-media; gyroscope; picture-in-picture\" allowfullscreen><\/iframe>\n<\/div><\/figure>\n","protected":false},"excerpt":{"rendered":"<p>A Federa\u00e7\u00e3o de Futebol do Distrito Federal anunciou, na tarde desta segunda-feira (30), que a grande decis\u00e3o do Candang\u00e3o Juniores foi antecipada. Anteriormente marcado para o pr\u00f3ximo domingo (05.09), \u00e0s 15 horas, o t\u00edtulo ser\u00e1 disputado entre Real Bras\u00edlia e Taguatinga nesta sexta-feira (03.09), \u00e0s 15h30, no est\u00e1dio Ciro Machado do Esp\u00edrito Santo. A explica\u00e7\u00e3o [&hellip;]<\/p>\n","protected":false},"author":37,"featured_media":15742,"comment_status":"closed","ping_status":"closed","sticky":false,"template":"","format":"standard","meta":{"footnotes":""},"categories":[8],"tags":[],"class_list":["post-20089","post","type-post","status-publish","format-standard","has-post-thumbnail","hentry","category-futebol"],"_links":{"self":[{"href":"https:\/\/www.esportesbrasilia.com.br\/noticias\/wp-json\/wp\/v2\/posts\/20089","targetHints":{"allow":["GET"]}}],"collection":[{"href":"https:\/\/www.esportesbrasilia.com.br\/noticias\/wp-json\/wp\/v2\/posts"}],"about":[{"href":"https:\/\/www.esportesbrasilia.com.br\/noticias\/wp-json\/wp\/v2\/types\/post"}],"author":[{"embeddable":true,"href":"https:\/\/www.esportesbrasilia.com.br\/noticias\/wp-json\/wp\/v2\/users\/37"}],"replies":[{"embeddable":true,"href":"https:\/\/www.esportesbrasilia.com.br\/noticias\/wp-json\/wp\/v2\/comments?post=20089"}],"version-history":[{"count":3,"href":"https:\/\/www.esportesbrasilia.com.br\/noticias\/wp-json\/wp\/v2\/posts\/20089\/revisions"}],"predecessor-version":[{"id":20094,"href":"https:\/\/www.esportesbrasilia.com.br\/noticias\/wp-json\/wp\/v2\/posts\/20089\/revisions\/20094"}],"wp:featuredmedia":[{"embeddable":true,"href":"https:\/\/www.esportesbrasilia.com.br\/noticias\/wp-json\/wp\/v2\/media\/15742"}],"wp:attachment":[{"href":"https:\/\/www.esportesbrasilia.com.br\/noticias\/wp-json\/wp\/v2\/media?parent=20089"}],"wp:term":[{"taxonomy":"category","embeddable":true,"href":"https:\/\/www.esportesbrasilia.com.br\/noticias\/wp-json\/wp\/v2\/categories?post=20089"},{"taxonomy":"post_tag","embeddable":true,"href":"https:\/\/www.esportesbrasilia.com.br\/noticias\/wp-json\/wp\/v2\/tags?post=20089"}],"curies":[{"name":"wp","href":"https:\/\/api.w.org\/{rel}","templated":true}]}}