{"id":20068,"date":"2021-08-27T21:34:57","date_gmt":"2021-08-28T00:34:57","guid":{"rendered":"https:\/\/www.esportesbrasilia.com.br\/noticias\/?p=20068"},"modified":"2021-08-27T21:34:59","modified_gmt":"2021-08-28T00:34:59","slug":"com-desistencia-da-venezuela-csv-muda-regulamento-do-sul-americano-de-volei","status":"publish","type":"post","link":"https:\/\/www.esportesbrasilia.com.br\/noticias\/volei\/com-desistencia-da-venezuela-csv-muda-regulamento-do-sul-americano-de-volei.html","title":{"rendered":"Com desist\u00eancia da Venezuela, CSV muda regulamento do Sul-Americano de v\u00f4lei"},"content":{"rendered":"\n<p><strong>Foto: Wander Roberto\/CBV<\/strong><\/p>\n\n\n\n<p>Bras\u00edlia sediar\u00e1, na pr\u00f3xima semana, a edi\u00e7\u00e3o do Campeonato Sul-Americano masculino de v\u00f4lei. O palco das partidas ser\u00e1 o Gin\u00e1sio Nilson Nelson a partir da pr\u00f3xima quarta-feira (01.09). At\u00e9 ent\u00e3o, seis equipes disputariam a competi\u00e7\u00e3o, mas a Venezuela comunicou \u00e0 Confedera\u00e7\u00e3o Sul-Americana de V\u00f4lei que n\u00e3o participar\u00e1 do torneio por causa da pandemia da Covid-19.<\/p>\n\n\n\n<p>Tamb\u00e9m por causa da Covid-19, os jogos acontecer\u00e3o na capital federal &#8211; neste momento &#8211; sem a presen\u00e7a de p\u00fablico. Vale lembrar que a libera\u00e7\u00e3o de torcedores est\u00e1 concedida apenas para partidas de futebol. Em conversa com jornalistas na \u00faltima semana, a secretaria de esportes informou que j\u00e1 est\u00e1 tramitando um decreto para que o p\u00fablico tamb\u00e9m seja liberado em gin\u00e1sios.<\/p>\n\n\n\n<p>Desta maneira, Argentina, Brasil, Chile, Col\u00f4mbia e Peru v\u00e3o atr\u00e1s do t\u00edtulo sul-americano masculino. O Brasil estreia contra o Peru\u00a0na pr\u00f3xima quarta-feira (01.09). Na sequ\u00eancia, enfrenta a Col\u00f4mbia na quinta-feira (02.09) e o Chile na sexta-feira (03.09). Os tr\u00eas confrontos acontecem \u00e0s 19h. No dia 04 de setembro, a equipe brasileira folga e o \u00faltimo jogo ser\u00e1 contra a Argentina, no dia 05 de setembro, \u00e0s 10h.<\/p>\n\n\n\n<h4 class=\"wp-block-heading\">Convocados<\/h4>\n\n\n\n<p>Para ir em busca do 33\u00ba t\u00edtulo em 35 edi\u00e7\u00f5es disputadas, o t\u00e9cnico do Brasil, Renan Dal Zotto, j\u00e1 convocou a equipe para o torneio. Foram relacionados os seguintes atletas:<\/p>\n\n\n\n<p>Levantadores:<br>&#8211; Bruninho<br>&#8211; Fernando Cachopa<\/p>\n\n\n\n<p>Opostos:<br>&#8211; Alan<br>&#8211; Aboubacar<\/p>\n\n\n\n<p>Ponteiros:<br>&#8211; Lucarelli<br>&#8211; Jo\u00e3o Rafael<br>&#8211; Vaccari<br>&#8211; Adriano<\/p>\n\n\n\n<p>Centrais:<br>&#8211; Luc\u00e3o<br>&#8211; Isac<br>&#8211; Fl\u00e1vio<br>&#8211; Cledenilson<\/p>\n\n\n\n<p>L\u00edberos:<br>&#8211; Thales<br>&#8211; Maique<\/p>\n","protected":false},"excerpt":{"rendered":"<p>Foto: Wander Roberto\/CBV Bras\u00edlia sediar\u00e1, na pr\u00f3xima semana, a edi\u00e7\u00e3o do Campeonato Sul-Americano masculino de v\u00f4lei. O palco das partidas ser\u00e1 o Gin\u00e1sio Nilson Nelson a partir da pr\u00f3xima quarta-feira (01.09). At\u00e9 ent\u00e3o, seis equipes disputariam a competi\u00e7\u00e3o, mas a Venezuela comunicou \u00e0 Confedera\u00e7\u00e3o Sul-Americana de V\u00f4lei que n\u00e3o participar\u00e1 do torneio por causa da [&hellip;]<\/p>\n","protected":false},"author":2,"featured_media":20069,"comment_status":"closed","ping_status":"closed","sticky":false,"template":"","format":"standard","meta":{"footnotes":""},"categories":[11],"tags":[],"class_list":["post-20068","post","type-post","status-publish","format-standard","has-post-thumbnail","hentry","category-volei"],"_links":{"self":[{"href":"https:\/\/www.esportesbrasilia.com.br\/noticias\/wp-json\/wp\/v2\/posts\/20068","targetHints":{"allow":["GET"]}}],"collection":[{"href":"https:\/\/www.esportesbrasilia.com.br\/noticias\/wp-json\/wp\/v2\/posts"}],"about":[{"href":"https:\/\/www.esportesbrasilia.com.br\/noticias\/wp-json\/wp\/v2\/types\/post"}],"author":[{"embeddable":true,"href":"https:\/\/www.esportesbrasilia.com.br\/noticias\/wp-json\/wp\/v2\/users\/2"}],"replies":[{"embeddable":true,"href":"https:\/\/www.esportesbrasilia.com.br\/noticias\/wp-json\/wp\/v2\/comments?post=20068"}],"version-history":[{"count":1,"href":"https:\/\/www.esportesbrasilia.com.br\/noticias\/wp-json\/wp\/v2\/posts\/20068\/revisions"}],"predecessor-version":[{"id":20070,"href":"https:\/\/www.esportesbrasilia.com.br\/noticias\/wp-json\/wp\/v2\/posts\/20068\/revisions\/20070"}],"wp:featuredmedia":[{"embeddable":true,"href":"https:\/\/www.esportesbrasilia.com.br\/noticias\/wp-json\/wp\/v2\/media\/20069"}],"wp:attachment":[{"href":"https:\/\/www.esportesbrasilia.com.br\/noticias\/wp-json\/wp\/v2\/media?parent=20068"}],"wp:term":[{"taxonomy":"category","embeddable":true,"href":"https:\/\/www.esportesbrasilia.com.br\/noticias\/wp-json\/wp\/v2\/categories?post=20068"},{"taxonomy":"post_tag","embeddable":true,"href":"https:\/\/www.esportesbrasilia.com.br\/noticias\/wp-json\/wp\/v2\/tags?post=20068"}],"curies":[{"name":"wp","href":"https:\/\/api.w.org\/{rel}","templated":true}]}}