{"id":20054,"date":"2021-08-23T09:37:00","date_gmt":"2021-08-23T12:37:00","guid":{"rendered":"https:\/\/www.esportesbrasilia.com.br\/noticias\/?p=20054"},"modified":"2021-08-22T19:39:28","modified_gmt":"2021-08-22T22:39:28","slug":"df-tem-tres-mulheres-e-um-homem-no-golbol-de-toquio","status":"publish","type":"post","link":"https:\/\/www.esportesbrasilia.com.br\/noticias\/outros\/df-tem-tres-mulheres-e-um-homem-no-golbol-de-toquio.html","title":{"rendered":"DF tem tr\u00eas mulheres e um homem no golbol de T\u00f3quio"},"content":{"rendered":"\n<p>Fonte: Ag\u00eancia Bras\u00edlia<\/p>\n\n\n\n<p>Os Jogos Paral\u00edmpicos de T\u00f3quio d\u00e3o partida nesta ter\u00e7a-feira (24) com as primeiras disputas j\u00e1 programadas para o mesmo dia. No golbol, modalidade desenvolvida exclusivamente para pessoas com defici\u00eancia visual, que contabiliza quatro representantes do Distrito Federal, a sele\u00e7\u00e3o brasileira masculina enfrenta a Litu\u00e2nia a partir das 21 horas do dia 24, e a feminina joga contra os Estados Unidos, a partir das 5h30 do dia 25.<\/p>\n\n\n\n<p>Faz parte da equipe masculina o ala brasiliense Leomon Moreno, de 28 anos, que iniciou na capital federal a trajet\u00f3ria esportiva em campeonatos escolares, regionais e brasileiros, at\u00e9 conquistar uma vaga na sele\u00e7\u00e3o principal. A convoca\u00e7\u00e3o veio junto com t\u00edtulos individuais, como artilheiro de campeonato, melhor jogador de golbol do Brasil, melhor atleta paral\u00edmpico brasileiro de 2014 e da Europa, onde defende o Sporting de Portugal, ao mesmo tempo em que representa o Santos Clube, de S\u00e3o Paulo.<\/p>\n\n\n\n<p>\u201cNossa expectativa aqui em T\u00f3quio \u00e9 nada menos que o ouro. N\u00f3s temos j\u00e1 o bronze e a prata paral\u00edmpicos. Ent\u00e3o para completar o nosso quadro de medalhas, a gente, com certeza, tem em mente o ouro. Temos esse potencial e estamos trabalhando firme para chegarmos em \u00f3timas condi\u00e7\u00f5es\u201d, vislumbra Leomon, que j\u00e1 viajou pelo&nbsp;<em>Compete Bras\u00edlia<\/em>, da Secretaria de Esporte e Lazer (SEL), quando competia na cidade.<\/p>\n","protected":false},"excerpt":{"rendered":"<p>Fonte: Ag\u00eancia Bras\u00edlia Os Jogos Paral\u00edmpicos de T\u00f3quio d\u00e3o partida nesta ter\u00e7a-feira (24) com as primeiras disputas j\u00e1 programadas para o mesmo dia. No golbol, modalidade desenvolvida exclusivamente para pessoas com defici\u00eancia visual, que contabiliza quatro representantes do Distrito Federal, a sele\u00e7\u00e3o brasileira masculina enfrenta a Litu\u00e2nia a partir das 21 horas do dia 24, [&hellip;]<\/p>\n","protected":false},"author":1,"featured_media":20055,"comment_status":"closed","ping_status":"closed","sticky":false,"template":"","format":"standard","meta":{"footnotes":""},"categories":[2],"tags":[],"class_list":["post-20054","post","type-post","status-publish","format-standard","has-post-thumbnail","hentry","category-outros"],"_links":{"self":[{"href":"https:\/\/www.esportesbrasilia.com.br\/noticias\/wp-json\/wp\/v2\/posts\/20054","targetHints":{"allow":["GET"]}}],"collection":[{"href":"https:\/\/www.esportesbrasilia.com.br\/noticias\/wp-json\/wp\/v2\/posts"}],"about":[{"href":"https:\/\/www.esportesbrasilia.com.br\/noticias\/wp-json\/wp\/v2\/types\/post"}],"author":[{"embeddable":true,"href":"https:\/\/www.esportesbrasilia.com.br\/noticias\/wp-json\/wp\/v2\/users\/1"}],"replies":[{"embeddable":true,"href":"https:\/\/www.esportesbrasilia.com.br\/noticias\/wp-json\/wp\/v2\/comments?post=20054"}],"version-history":[{"count":1,"href":"https:\/\/www.esportesbrasilia.com.br\/noticias\/wp-json\/wp\/v2\/posts\/20054\/revisions"}],"predecessor-version":[{"id":20056,"href":"https:\/\/www.esportesbrasilia.com.br\/noticias\/wp-json\/wp\/v2\/posts\/20054\/revisions\/20056"}],"wp:featuredmedia":[{"embeddable":true,"href":"https:\/\/www.esportesbrasilia.com.br\/noticias\/wp-json\/wp\/v2\/media\/20055"}],"wp:attachment":[{"href":"https:\/\/www.esportesbrasilia.com.br\/noticias\/wp-json\/wp\/v2\/media?parent=20054"}],"wp:term":[{"taxonomy":"category","embeddable":true,"href":"https:\/\/www.esportesbrasilia.com.br\/noticias\/wp-json\/wp\/v2\/categories?post=20054"},{"taxonomy":"post_tag","embeddable":true,"href":"https:\/\/www.esportesbrasilia.com.br\/noticias\/wp-json\/wp\/v2\/tags?post=20054"}],"curies":[{"name":"wp","href":"https:\/\/api.w.org\/{rel}","templated":true}]}}