{"id":20010,"date":"2021-08-20T14:44:18","date_gmt":"2021-08-20T17:44:18","guid":{"rendered":"https:\/\/www.esportesbrasilia.com.br\/noticias\/?p=20010"},"modified":"2021-08-20T14:44:19","modified_gmt":"2021-08-20T17:44:19","slug":"conmebol-confirma-semifinal-da-libertadores-2021-no-mane-garrincha","status":"publish","type":"post","link":"https:\/\/www.esportesbrasilia.com.br\/noticias\/futebol\/conmebol-confirma-semifinal-da-libertadores-2021-no-mane-garrincha.html","title":{"rendered":"Conmebol confirma semifinal da Libertadores 2021 no Man\u00e9 Garrincha"},"content":{"rendered":"\n<p>O est\u00e1dio Nacional Man\u00e9 Garrincha receber\u00e1, no m\u00eas de setembro, a quarta partida da Libertadores neste ano. Ap\u00f3s dois jogos do Flamengo e um do Santos, o maior palco da capital federal sediar\u00e1 uma das semifinais da competi\u00e7\u00e3o.<\/p>\n\n\n\n<p>O Flamengo receber\u00e1 o Barcelona\/EQU no dia 22 de setembro, \u00e0s 21h30, no est\u00e1dio Man\u00e9 Garrincha. A partida ser\u00e1 pela fase de ida das semifinais. O segundo jogo acontecer\u00e1 em 29 de setembro, \u00e0s 21h30, no est\u00e1dio Monumental, em Guayaquil.<\/p>\n\n\n\n<p>Este confronto tamb\u00e9m ter\u00e1 a presen\u00e7a de p\u00fablico, autorizada pelo governo do Distrito Federal. Ap\u00f3s receber 5,8 mil pessoas no confronto diante do Defensa y Justicia pelas oitavas de final da competi\u00e7\u00e3o intercontinental, mais de 11 mil pessoas estiveram no Man\u00e9 Garrincha na \u00faltima quarta-feira (18) para acompanhar a goleada por 5&#215;1 do rubro-negro frente ao Olimpia.<\/p>\n","protected":false},"excerpt":{"rendered":"<p>O est\u00e1dio Nacional Man\u00e9 Garrincha receber\u00e1, no m\u00eas de setembro, a quarta partida da Libertadores neste ano. Ap\u00f3s dois jogos do Flamengo e um do Santos, o maior palco da capital federal sediar\u00e1 uma das semifinais da competi\u00e7\u00e3o. O Flamengo receber\u00e1 o Barcelona\/EQU no dia 22 de setembro, \u00e0s 21h30, no est\u00e1dio Man\u00e9 Garrincha. A [&hellip;]<\/p>\n","protected":false},"author":2,"featured_media":18995,"comment_status":"closed","ping_status":"closed","sticky":false,"template":"","format":"standard","meta":{"footnotes":""},"categories":[8],"tags":[],"class_list":["post-20010","post","type-post","status-publish","format-standard","has-post-thumbnail","hentry","category-futebol"],"_links":{"self":[{"href":"https:\/\/www.esportesbrasilia.com.br\/noticias\/wp-json\/wp\/v2\/posts\/20010","targetHints":{"allow":["GET"]}}],"collection":[{"href":"https:\/\/www.esportesbrasilia.com.br\/noticias\/wp-json\/wp\/v2\/posts"}],"about":[{"href":"https:\/\/www.esportesbrasilia.com.br\/noticias\/wp-json\/wp\/v2\/types\/post"}],"author":[{"embeddable":true,"href":"https:\/\/www.esportesbrasilia.com.br\/noticias\/wp-json\/wp\/v2\/users\/2"}],"replies":[{"embeddable":true,"href":"https:\/\/www.esportesbrasilia.com.br\/noticias\/wp-json\/wp\/v2\/comments?post=20010"}],"version-history":[{"count":1,"href":"https:\/\/www.esportesbrasilia.com.br\/noticias\/wp-json\/wp\/v2\/posts\/20010\/revisions"}],"predecessor-version":[{"id":20011,"href":"https:\/\/www.esportesbrasilia.com.br\/noticias\/wp-json\/wp\/v2\/posts\/20010\/revisions\/20011"}],"wp:featuredmedia":[{"embeddable":true,"href":"https:\/\/www.esportesbrasilia.com.br\/noticias\/wp-json\/wp\/v2\/media\/18995"}],"wp:attachment":[{"href":"https:\/\/www.esportesbrasilia.com.br\/noticias\/wp-json\/wp\/v2\/media?parent=20010"}],"wp:term":[{"taxonomy":"category","embeddable":true,"href":"https:\/\/www.esportesbrasilia.com.br\/noticias\/wp-json\/wp\/v2\/categories?post=20010"},{"taxonomy":"post_tag","embeddable":true,"href":"https:\/\/www.esportesbrasilia.com.br\/noticias\/wp-json\/wp\/v2\/tags?post=20010"}],"curies":[{"name":"wp","href":"https:\/\/api.w.org\/{rel}","templated":true}]}}