{"id":19909,"date":"2021-07-30T15:37:21","date_gmt":"2021-07-30T18:37:21","guid":{"rendered":"https:\/\/www.esportesbrasilia.com.br\/noticias\/?p=19909"},"modified":"2021-07-30T15:38:47","modified_gmt":"2021-07-30T18:38:47","slug":"cops-da-estrutural-recanto-das-emas-e-brazlandia-abrem-rematricula","status":"publish","type":"post","link":"https:\/\/www.esportesbrasilia.com.br\/noticias\/outros\/cops-da-estrutural-recanto-das-emas-e-brazlandia-abrem-rematricula.html","title":{"rendered":"COPs da Estrutural, Recanto das Emas e Brazl\u00e2ndia abrem rematr\u00edcula"},"content":{"rendered":"\n<p>Os Centros Ol\u00edmpicos e Paral\u00edmpicos de Brazl\u00e2ndia, Recanto das Emas e Estrutural v\u00e3o abrir a rematr\u00edcula para o segundo semestre deste ano. Nesta ter\u00e7a (03), a partir das 8 horas, por meio da plataforma virtual do Sigecop \u2013 da Secretaria de Esporte e Lazer, os antigos alunos desses espa\u00e7os, especificamente, poder\u00e3o confirmar o interesse em continuar praticando as modalidades esportivas que foram suspensas em 2020, devido \u00e0 pandemia da covid-19.<\/p>\n\n\n\n<p>Nesse primeiro momento, as unidades funcionar\u00e3o com 50% da capacidade total. As vagas ser\u00e3o destinadas, exclusivamente, aos alunos que j\u00e1 faziam parte do banco de dados de matr\u00edculas da Secretaria de Esporte e Lazer (SEL).<\/p>\n\n\n\n<p>\u201cEstamos trabalhando muito para retomar as aulas presenciais com uma qualidade superior a que era oferecida antes da pandemia. Sabemos o quanto \u00e9 importante praticar uma atividade f\u00edsica para garantir a sa\u00fade do corpo e da mente, por isso os COPs v\u00e3o funcionar dentro de todos os protocolos sanit\u00e1rios de sa\u00fade, para que a comunidade possa voltar a ter qualidade de vida\u201d, destaca a secret\u00e1ria de Esporte e Lazer (SEL), Giselle Ferreira.<\/p>\n\n\n\n<p>Devido \u00e0 pandemia de covid-19, as 12 unidades esportivas precisaram suspender os atendimentos presenciais no come\u00e7o de 2020. Desde ent\u00e3o, a pasta do Esporte trabalhou para informatizar, fazer melhorias e capacitar servidores.<\/p>\n\n\n\n<p>Durante o mesmo per\u00edodo os contratos vigentes terminaram e os 12 COPs passam por chamamentos p\u00fablicos para sele\u00e7\u00e3o de institui\u00e7\u00f5es sem fins lucrativos, respons\u00e1veis pelo corpo pedag\u00f3gico das unidades. Sendo o primeiro processo completamente finalizado at\u00e9 o momento referente aos centros de Brazl\u00e2ndia, Recanto das Emas e Estrutural.<\/p>\n\n\n\n<p>\u00c0 medida que os demais procedimentos administrativos forem conclu\u00eddos, as unidades retornar\u00e3o a receber, presencialmente, o p\u00fablico.<\/p>\n\n\n\n<p>A primeira etapa do processo de rematr\u00edcula ser\u00e1 totalmente on-line por meio do Sistema de Gest\u00e3o dos Centros Ol\u00edmpicos e Paral\u00edmpicos &#8211; SIGECOP, dispon\u00edvel no endere\u00e7o eletr\u00f4nico&nbsp;<strong>apenas no dia 03 de agosto :<\/strong>&nbsp;<a href=\"https:\/\/www.sistemas.df.gov.br\/SIGECOP\/\" target=\"_blank\" rel=\"noreferrer noopener\">https:\/\/www.sistemas.df.gov.br\/SIGECOP\/<\/a><\/p>\n\n\n\n<p>Os alunos ou representantes legais que n\u00e3o possu\u00edrem acesso \u00e0 internet ou tiverem dificuldade no acesso ao SIGECOP poder\u00e3o comparecer ao Centro Ol\u00edmpico e Paral\u00edmpico do qual seja aluno, podendo solicitar aux\u00edlio de um servidor para efetivar o cadastro de inscri\u00e7\u00e3o. Nos seguintes dias e hor\u00e1rios: de segunda \u00e0 sexta-feira, das 8 \u00e0s 12h ou das 14 \u00e0s 18h.<\/p>\n","protected":false},"excerpt":{"rendered":"<p>Os Centros Ol\u00edmpicos e Paral\u00edmpicos de Brazl\u00e2ndia, Recanto das Emas e Estrutural v\u00e3o abrir a rematr\u00edcula para o segundo semestre deste ano. Nesta ter\u00e7a (03), a partir das 8 horas, por meio da plataforma virtual do Sigecop \u2013 da Secretaria de Esporte e Lazer, os antigos alunos desses espa\u00e7os, especificamente, poder\u00e3o confirmar o interesse em [&hellip;]<\/p>\n","protected":false},"author":1,"featured_media":19910,"comment_status":"closed","ping_status":"closed","sticky":false,"template":"","format":"standard","meta":{"footnotes":""},"categories":[2],"tags":[],"class_list":["post-19909","post","type-post","status-publish","format-standard","has-post-thumbnail","hentry","category-outros"],"_links":{"self":[{"href":"https:\/\/www.esportesbrasilia.com.br\/noticias\/wp-json\/wp\/v2\/posts\/19909","targetHints":{"allow":["GET"]}}],"collection":[{"href":"https:\/\/www.esportesbrasilia.com.br\/noticias\/wp-json\/wp\/v2\/posts"}],"about":[{"href":"https:\/\/www.esportesbrasilia.com.br\/noticias\/wp-json\/wp\/v2\/types\/post"}],"author":[{"embeddable":true,"href":"https:\/\/www.esportesbrasilia.com.br\/noticias\/wp-json\/wp\/v2\/users\/1"}],"replies":[{"embeddable":true,"href":"https:\/\/www.esportesbrasilia.com.br\/noticias\/wp-json\/wp\/v2\/comments?post=19909"}],"version-history":[{"count":2,"href":"https:\/\/www.esportesbrasilia.com.br\/noticias\/wp-json\/wp\/v2\/posts\/19909\/revisions"}],"predecessor-version":[{"id":19912,"href":"https:\/\/www.esportesbrasilia.com.br\/noticias\/wp-json\/wp\/v2\/posts\/19909\/revisions\/19912"}],"wp:featuredmedia":[{"embeddable":true,"href":"https:\/\/www.esportesbrasilia.com.br\/noticias\/wp-json\/wp\/v2\/media\/19910"}],"wp:attachment":[{"href":"https:\/\/www.esportesbrasilia.com.br\/noticias\/wp-json\/wp\/v2\/media?parent=19909"}],"wp:term":[{"taxonomy":"category","embeddable":true,"href":"https:\/\/www.esportesbrasilia.com.br\/noticias\/wp-json\/wp\/v2\/categories?post=19909"},{"taxonomy":"post_tag","embeddable":true,"href":"https:\/\/www.esportesbrasilia.com.br\/noticias\/wp-json\/wp\/v2\/tags?post=19909"}],"curies":[{"name":"wp","href":"https:\/\/api.w.org\/{rel}","templated":true}]}}