{"id":19818,"date":"2021-07-16T22:40:38","date_gmt":"2021-07-17T01:40:38","guid":{"rendered":"https:\/\/www.esportesbrasilia.com.br\/noticias\/?p=19818"},"modified":"2021-07-16T22:47:23","modified_gmt":"2021-07-17T01:47:23","slug":"novo-decreto-modifica-obrigatoriedade-para-acesso-a-estadios-de-futebol","status":"publish","type":"post","link":"https:\/\/www.esportesbrasilia.com.br\/noticias\/futebol\/novo-decreto-modifica-obrigatoriedade-para-acesso-a-estadios-de-futebol.html","title":{"rendered":"Novo decreto modifica obrigatoriedade para acesso a est\u00e1dios de futebol"},"content":{"rendered":"\n<p><strong>Foto: Divulga\u00e7\u00e3o\/CLDF<\/strong><\/p>\n\n\n\n<p>Ap\u00f3s press\u00e3o de v\u00e1rios lados, um novo decreto foi publicado nesta sexta-feira (16), alterando a obrigatoriedade para que o p\u00fablico possa acessar os est\u00e1dios de futebol na capital federal.<\/p>\n\n\n\n<p>No texto divulgado na \u00faltima quinta-feira (15), o torcedor tinha que levar um comprovante de que havia tomado as duas doses da vacina\u00e7\u00e3o ou a vacina \u00fanica da Janssen e um teste de Covid-19 negativo.<\/p>\n\n\n\n<p>O novo texto prev\u00ea que o p\u00fablico poder\u00e1 acessar os est\u00e1dios caso esteja completamente imunizado nos \u00faltimos 15 dias <strong>ou<\/strong> um teste de Covid-19 do tipo RT-PCR colhido at\u00e9 a pr\u00f3xima segunda-feira (19), \u00e0s 21h30.<\/p>\n\n\n\n<p>Al\u00e9m disso, o torcedor ser\u00e1 direcionado para diferentes setores do est\u00e1dio, dependendo do que for apresentado na entrada, respeitando o distanciamento de dois metros. Quem levar o teste de Covid-19 ficar\u00e1 do lado oposto a quem levar o Cart\u00e3o de Vacina\u00e7\u00e3o.<\/p>\n\n\n\n<p>As demais normas n\u00e3o foram alteradas. O primeiro jogo nas novas condi\u00e7\u00f5es ser\u00e1 o confronto entre Flamengo e Defensa y Justicia, pela Conmebol Libertadores, na pr\u00f3xima quarta-feira (21), \u00e0s 21h30, no est\u00e1dio Nacional Man\u00e9 Garrincha.<\/p>\n","protected":false},"excerpt":{"rendered":"<p>Foto: Divulga\u00e7\u00e3o\/CLDF Ap\u00f3s press\u00e3o de v\u00e1rios lados, um novo decreto foi publicado nesta sexta-feira (16), alterando a obrigatoriedade para que o p\u00fablico possa acessar os est\u00e1dios de futebol na capital federal. No texto divulgado na \u00faltima quinta-feira (15), o torcedor tinha que levar um comprovante de que havia tomado as duas doses da vacina\u00e7\u00e3o ou [&hellip;]<\/p>\n","protected":false},"author":2,"featured_media":19819,"comment_status":"closed","ping_status":"closed","sticky":false,"template":"","format":"standard","meta":{"footnotes":""},"categories":[8],"tags":[],"class_list":["post-19818","post","type-post","status-publish","format-standard","has-post-thumbnail","hentry","category-futebol"],"_links":{"self":[{"href":"https:\/\/www.esportesbrasilia.com.br\/noticias\/wp-json\/wp\/v2\/posts\/19818","targetHints":{"allow":["GET"]}}],"collection":[{"href":"https:\/\/www.esportesbrasilia.com.br\/noticias\/wp-json\/wp\/v2\/posts"}],"about":[{"href":"https:\/\/www.esportesbrasilia.com.br\/noticias\/wp-json\/wp\/v2\/types\/post"}],"author":[{"embeddable":true,"href":"https:\/\/www.esportesbrasilia.com.br\/noticias\/wp-json\/wp\/v2\/users\/2"}],"replies":[{"embeddable":true,"href":"https:\/\/www.esportesbrasilia.com.br\/noticias\/wp-json\/wp\/v2\/comments?post=19818"}],"version-history":[{"count":3,"href":"https:\/\/www.esportesbrasilia.com.br\/noticias\/wp-json\/wp\/v2\/posts\/19818\/revisions"}],"predecessor-version":[{"id":19823,"href":"https:\/\/www.esportesbrasilia.com.br\/noticias\/wp-json\/wp\/v2\/posts\/19818\/revisions\/19823"}],"wp:featuredmedia":[{"embeddable":true,"href":"https:\/\/www.esportesbrasilia.com.br\/noticias\/wp-json\/wp\/v2\/media\/19819"}],"wp:attachment":[{"href":"https:\/\/www.esportesbrasilia.com.br\/noticias\/wp-json\/wp\/v2\/media?parent=19818"}],"wp:term":[{"taxonomy":"category","embeddable":true,"href":"https:\/\/www.esportesbrasilia.com.br\/noticias\/wp-json\/wp\/v2\/categories?post=19818"},{"taxonomy":"post_tag","embeddable":true,"href":"https:\/\/www.esportesbrasilia.com.br\/noticias\/wp-json\/wp\/v2\/tags?post=19818"}],"curies":[{"name":"wp","href":"https:\/\/api.w.org\/{rel}","templated":true}]}}