{"id":19761,"date":"2021-07-06T09:45:00","date_gmt":"2021-07-06T12:45:00","guid":{"rendered":"https:\/\/www.esportesbrasilia.com.br\/noticias\/?p=19761"},"modified":"2021-07-05T23:53:17","modified_gmt":"2021-07-06T02:53:17","slug":"partiu-superliga-a-brasilia-volei-anuncia-pacote-para-a-temporada-2021-2022","status":"publish","type":"post","link":"https:\/\/www.esportesbrasilia.com.br\/noticias\/volei\/partiu-superliga-a-brasilia-volei-anuncia-pacote-para-a-temporada-2021-2022.html","title":{"rendered":"Partiu, Superliga A: Bras\u00edlia V\u00f4lei anuncia pacote para a temporada 2021\/2022"},"content":{"rendered":"\n<p><strong>Foto: Patricy Albuquerque\/Ag\u00eancia EB<\/strong><br><strong>Colaborou Rayssa Loreen<\/strong><\/p>\n\n\n\n<p>O Bras\u00edlia V\u00f4lei avan\u00e7a nas contrata\u00e7\u00f5es para a temporada 2021\/22. At\u00e9 agora, j\u00e1 foram anunciados seis nomes para a equipe feminina e quatro para a equipe masculina.<\/p>\n\n\n\n<p>O time masculino garantiu acesso direto \u00e0 Superliga A 2021 e anunciou a contrata\u00e7\u00e3o de Robson Rodrigues, Renato Adornelas, Adrian Goide e Wellington Bolzani (<strong><a href=\"https:\/\/www.esportesbrasilia.com.br\/noticias\/volei\/brasilia-volei-anuncia-contratacao-do-ponteiro-wellington-bolzani.html\">clique aqui e saiba mais<\/a><\/strong>).<\/p>\n\n\n\n<p>Al\u00e9m disso, a equipe tamb\u00e9m anunciou a renova\u00e7\u00e3o de Thiago Gomes, Carlos Henrique, Cristiano Oliveira, Alesson Santiago, Paulo Lamounier, Diego Dutra, Bruno Rubbo, Lucaian Fernandes e Matheus Santos.<\/p>\n\n\n\n<p>Com o time de refor\u00e7os e novas contrata\u00e7\u00f5es, o Bras\u00edlia V\u00f4lei comemorou o acesso \u00e0 elite do esporte nas redes sociais: &#8220;desde o in\u00edcio do projeto, sempre foi o nosso maior sonho e objetivo levar Bras\u00edlia para a Superliga A masculina.&#8221;<\/p>\n\n\n\n<h4 class=\"wp-block-heading\">Equipe feminina<\/h4>\n\n\n\n<p>O time feminino n\u00e3o ficou para tr\u00e1s. Para compor a equipe, foram anunciados os nomes de Ana Cristina, Ju Paes, Lia Mariano, Mayara Rossi, Natalia Monteiro e Mimi Sosa.<\/p>\n\n\n\n<p>O Bras\u00edlia V\u00f4lei anunciou tamb\u00e9m a renova\u00e7\u00e3o do contrato de pe\u00e7as importantes para o elenco, como Vit\u00f3ria Trindade, Edna Elisa, Geovana Vitoria, Aline Cristina, Neneca, Sara Dias e Isabela Paquiardi.<\/p>\n\n\n\n<p>Na \u00faltima temporada, o grupo chegou \u00e0s quartas de final da Superliga e terminou em oitavo lugar na competi\u00e7\u00e3o.<\/p>\n\n\n\n<p>Ainda n\u00e3o h\u00e1 previs\u00e3o para o in\u00edcio das competi\u00e7\u00f5es em 2021.<\/p>\n","protected":false},"excerpt":{"rendered":"<p>Foto: Patricy Albuquerque\/Ag\u00eancia EBColaborou Rayssa Loreen O Bras\u00edlia V\u00f4lei avan\u00e7a nas contrata\u00e7\u00f5es para a temporada 2021\/22. At\u00e9 agora, j\u00e1 foram anunciados seis nomes para a equipe feminina e quatro para a equipe masculina. O time masculino garantiu acesso direto \u00e0 Superliga A 2021 e anunciou a contrata\u00e7\u00e3o de Robson Rodrigues, Renato Adornelas, Adrian Goide e [&hellip;]<\/p>\n","protected":false},"author":2,"featured_media":16230,"comment_status":"closed","ping_status":"closed","sticky":false,"template":"","format":"standard","meta":{"footnotes":""},"categories":[11],"tags":[],"class_list":["post-19761","post","type-post","status-publish","format-standard","has-post-thumbnail","hentry","category-volei"],"_links":{"self":[{"href":"https:\/\/www.esportesbrasilia.com.br\/noticias\/wp-json\/wp\/v2\/posts\/19761","targetHints":{"allow":["GET"]}}],"collection":[{"href":"https:\/\/www.esportesbrasilia.com.br\/noticias\/wp-json\/wp\/v2\/posts"}],"about":[{"href":"https:\/\/www.esportesbrasilia.com.br\/noticias\/wp-json\/wp\/v2\/types\/post"}],"author":[{"embeddable":true,"href":"https:\/\/www.esportesbrasilia.com.br\/noticias\/wp-json\/wp\/v2\/users\/2"}],"replies":[{"embeddable":true,"href":"https:\/\/www.esportesbrasilia.com.br\/noticias\/wp-json\/wp\/v2\/comments?post=19761"}],"version-history":[{"count":1,"href":"https:\/\/www.esportesbrasilia.com.br\/noticias\/wp-json\/wp\/v2\/posts\/19761\/revisions"}],"predecessor-version":[{"id":19762,"href":"https:\/\/www.esportesbrasilia.com.br\/noticias\/wp-json\/wp\/v2\/posts\/19761\/revisions\/19762"}],"wp:featuredmedia":[{"embeddable":true,"href":"https:\/\/www.esportesbrasilia.com.br\/noticias\/wp-json\/wp\/v2\/media\/16230"}],"wp:attachment":[{"href":"https:\/\/www.esportesbrasilia.com.br\/noticias\/wp-json\/wp\/v2\/media?parent=19761"}],"wp:term":[{"taxonomy":"category","embeddable":true,"href":"https:\/\/www.esportesbrasilia.com.br\/noticias\/wp-json\/wp\/v2\/categories?post=19761"},{"taxonomy":"post_tag","embeddable":true,"href":"https:\/\/www.esportesbrasilia.com.br\/noticias\/wp-json\/wp\/v2\/tags?post=19761"}],"curies":[{"name":"wp","href":"https:\/\/api.w.org\/{rel}","templated":true}]}}