{"id":19687,"date":"2021-06-26T22:14:46","date_gmt":"2021-06-27T01:14:46","guid":{"rendered":"http:\/\/www.esportesbrasilia.com.br\/noticias\/?p=19687"},"modified":"2021-06-26T22:15:35","modified_gmt":"2021-06-27T01:15:35","slug":"gama-joga-mal-e-e-goleado-pelo-nova-mutum","status":"publish","type":"post","link":"https:\/\/www.esportesbrasilia.com.br\/noticias\/futebol\/gama-joga-mal-e-e-goleado-pelo-nova-mutum.html","title":{"rendered":"Gama joga mal, n\u00e3o consegue assustar e \u00e9 superado pelo Nova Mutum"},"content":{"rendered":"\n<p><strong>Foto: Gabriel Teles\/Ascom Gama<\/strong><\/p>\n\n\n\n<p>Pela quarta rodada da primeira fase do Brasileir\u00e3o S\u00e9rie D, o Gama recebeu o Nova Mutum no Abadi\u00e3o neste s\u00e1bado (26). Com um primeiro tempo com falhas individuais e um segundo tempo ruim, a equipe matogrossense conseguiu vencer por 3 a 0, com gols de Abner, Gustavo Nogy e Rom\u00e1rio. A press\u00e3o aumenta no Periquito, que passa por um momento de reestrutura\u00e7\u00e3o e ter\u00e1 pela frente o cl\u00e1ssico contra Brasiliense, no pr\u00f3ximo s\u00e1bado, 3, \u00e0s 15 horas, no Serej\u00e3o.<\/p>\n\n\n\n<p><strong>In\u00edcio de jogo ruim complica<\/strong> <strong>os planos<\/strong><\/p>\n\n\n\n<p>Antes que o cen\u00e1rio da primeira etapa pudesse ser constru\u00eddo para qualquer tipo de an\u00e1lise, Gustavo Nogy, aos 3 minutos, bateu falta de longe. O problema foi que o goleiro Douglas se adiantou, acreditando ser um cruzamento. S\u00f3 que a bola foi muito forte e tinha a dire\u00e7\u00e3o do gol. O arqueiro demorou a entender e quando percebeu, j\u00e1 era tarde. Ele ainda tentou dar um passo para tr\u00e1s, mas a bola j\u00e1 entrava no gol. A partir desse momento, o visitante se fechou no campo de defesa, enquanto tentava contra-atacar rapidamente.\u00a0<\/p>\n\n\n\n<p>Com muitas dificuldades no \u00faltimo passe e nas finaliza\u00e7\u00f5es, a equipe de Adailton Martins at\u00e9 tentou empatar, mas n\u00e3o era eficaz. O Gama insistia na bola \u00e1rea, o que era f\u00e1cil para os grandalh\u00f5es da zaga, Saulo e Taison. Tudo ficou mais complicado ainda quando, aos 37 minutos, Gabriel, como \u00faltimo homem, tentou disputar a bola com Abner, que foi mais esperto e avan\u00e7ou com o peito. O resultado? Abner cara-a-cara com Douglas e o segundo gol da partida, deixando o alviverde em maus len\u00e7\u00f3is.<\/p>\n\n\n\n<p><strong>Mudan\u00e7as n\u00e3o melhoram<\/strong><\/p>\n\n\n\n<p>Se algumas mudan\u00e7as na segunda etapa tinham a inten\u00e7\u00e3o de melhorar a equipe, isso n\u00e3o foi visto em campo. Igor Paim e Hugo Almeida eram os que mais tentavam na parte ofensiva, por\u00e9m, geralmente sozinhos, n\u00e3o conseguiam passar por marca\u00e7\u00e3o dupla, \u00e0s vezes at\u00e9 tripla. <\/p>\n\n\n\n<p>A dist\u00e2ncia entre a qualidade apresentada por Nova Mutum e Gama aumentou e Rom\u00e1rio, que havia entrado a pouco tempo, recebeu uma bola depois de \u00f3tima jogada de Abner e aumentou para o time mato-grossense aos 32 minutos. <\/p>\n\n\n\n<p>Se pelo lado alviverde faltou defini\u00e7\u00e3o e melhores jogadas, abusando da bola a\u00e9rea sem sucesso, os visitantes foram letais no contra-ataque com a rapidez de Abner e os vacilos do time candango.<\/p>\n\n\n\n<p>Assim, sem grandes chances para diminuir o preju\u00edzo, o Gama amarga uma vit\u00f3ria que soa como uma goleada. Para piorar, a equipe saiu da zona de classifica\u00e7\u00e3o e agora ocupa a sexta posi\u00e7\u00e3o do grupo com quatro pontos, dois a menos que os advers\u00e1rios de hoje, quarto colocado.<\/p>\n\n\n\n<p class=\"has-text-align-center\"><strong>Ficha T\u00e9cnica<\/strong><br><strong>Brasileir\u00e3o S\u00e9rie D \u2013 Primeira Fase &#8211; 4\u00aa Rodada<br>Gama 0 X 3 Nova Mutum<br>26\/06\/2021 \u2013 Est\u00e1dio Abadi\u00e3o \u2013 Ceil\u00e2ndia-DF<\/strong><\/p>\n\n\n\n<p>Arbitragem: Edvalter Marinho dos Santos\u00a0 (BA).<br>Assistente 1: Lucas Torquato Guerra (DF)<br>Assistente 2: Marconi de Souza Gon\u00e7alo (DF).<br>4\u00ba \u00e1rbitro: Christiano Gayo Nascimento (DF).<br>Analista: Geufran Almeida de Oliveira (DF).<\/p>\n\n\n\n<p>Cart\u00f5es Amarelos: Germano, Igor Paim e Vinicius (Gama); Matheus (Nova Mutum).<\/p>\n\n\n\n<p>Gols: 4\u2019 Gustavo Nogy, 37\u2019 Abner (1\u00ba Tempo); 32\u2019 Rom\u00e1rio (2\u00ba Tempo).<\/p>\n\n\n\n<p><strong>Gama<\/strong><br>Douglas, Gabriel, Vinicius, Wendel e Gabiga; Carrilho, Germano (Wallace), Felipe Menezes (Fl\u00e1vio), Robertinho (Igor Paim), Fernandinho (Vitinho) e Hugo Almeida.<br><strong>Treinador:<\/strong> Adailton Martins.<\/p>\n\n\n\n<p><strong>Nova Mutum<\/strong><br>Gabriel Oliveira, L\u00e9o Campos, Saulo, Taison e Gustavo Nogy; Rafinha, Bruno Domingues e Jonathan Cabe\u00e7a; Hugo (Jhonatan Moc), Matheus (Rom\u00e1rio) e Abner (Felipe Augusto).<br><strong>Treinador:<\/strong> William de Mattia.l<br><\/p>\n\n\n\n<p><\/p>\n","protected":false},"excerpt":{"rendered":"<p>Foto: Gabriel Teles\/Ascom Gama Pela quarta rodada da primeira fase do Brasileir\u00e3o S\u00e9rie D, o Gama recebeu o Nova Mutum no Abadi\u00e3o neste s\u00e1bado (26). Com um primeiro tempo com falhas individuais e um segundo tempo ruim, a equipe matogrossense conseguiu vencer por 3 a 0, com gols de Abner, Gustavo Nogy e Rom\u00e1rio. A [&hellip;]<\/p>\n","protected":false},"author":37,"featured_media":19688,"comment_status":"closed","ping_status":"closed","sticky":false,"template":"","format":"standard","meta":{"footnotes":""},"categories":[8],"tags":[],"class_list":["post-19687","post","type-post","status-publish","format-standard","has-post-thumbnail","hentry","category-futebol"],"_links":{"self":[{"href":"https:\/\/www.esportesbrasilia.com.br\/noticias\/wp-json\/wp\/v2\/posts\/19687","targetHints":{"allow":["GET"]}}],"collection":[{"href":"https:\/\/www.esportesbrasilia.com.br\/noticias\/wp-json\/wp\/v2\/posts"}],"about":[{"href":"https:\/\/www.esportesbrasilia.com.br\/noticias\/wp-json\/wp\/v2\/types\/post"}],"author":[{"embeddable":true,"href":"https:\/\/www.esportesbrasilia.com.br\/noticias\/wp-json\/wp\/v2\/users\/37"}],"replies":[{"embeddable":true,"href":"https:\/\/www.esportesbrasilia.com.br\/noticias\/wp-json\/wp\/v2\/comments?post=19687"}],"version-history":[{"count":3,"href":"https:\/\/www.esportesbrasilia.com.br\/noticias\/wp-json\/wp\/v2\/posts\/19687\/revisions"}],"predecessor-version":[{"id":19691,"href":"https:\/\/www.esportesbrasilia.com.br\/noticias\/wp-json\/wp\/v2\/posts\/19687\/revisions\/19691"}],"wp:featuredmedia":[{"embeddable":true,"href":"https:\/\/www.esportesbrasilia.com.br\/noticias\/wp-json\/wp\/v2\/media\/19688"}],"wp:attachment":[{"href":"https:\/\/www.esportesbrasilia.com.br\/noticias\/wp-json\/wp\/v2\/media?parent=19687"}],"wp:term":[{"taxonomy":"category","embeddable":true,"href":"https:\/\/www.esportesbrasilia.com.br\/noticias\/wp-json\/wp\/v2\/categories?post=19687"},{"taxonomy":"post_tag","embeddable":true,"href":"https:\/\/www.esportesbrasilia.com.br\/noticias\/wp-json\/wp\/v2\/tags?post=19687"}],"curies":[{"name":"wp","href":"https:\/\/api.w.org\/{rel}","templated":true}]}}